{"id":9867,"date":"2017-02-23T11:38:35","date_gmt":"2017-02-23T14:38:35","guid":{"rendered":"http:\/\/www.correio24horas.com.br\/blogs\/mesalte\/?p=9867"},"modified":"2017-02-25T16:32:31","modified_gmt":"2017-02-25T19:32:31","slug":"tia-ma-sera-musa-do-bloco-da-preta-nesta-sexta-24","status":"publish","type":"post","link":"https:\/\/blogs.correio24horas.com.br\/mesalte\/tia-ma-sera-musa-do-bloco-da-preta-nesta-sexta-24\/","title":{"rendered":"Tia M\u00e1 ser\u00e1 Musa do Bloco da Preta nesta sexta (24)"},"content":{"rendered":"<p>A querid\u00edssima jornalista Ma\u00edra Azevedo, conhecida como Tia M\u00e1, vai ganhar um merecido lugar de destaque na folia de Salvador. Ela foi escolhida para ser\u00c2\u00a0 Musa do Bloco da Preta, que desfila na sexta-feira, \u00e0 \u00a0s 21h, no circuito Barra-Ondina. \u00c2\u00a0Colaboradora do programa Encontro com F\u00e1tima Bernardes, Tia M\u00e1 \u00e9 uma pessoa incr\u00edvel e \u00e9 uma defensora dos direitos da mulheres e da popula\u00e7\u00e3o LGBT e tenho certeza que vai honrar e lacrar! Carnavalesca que s\u00f3, a Tia M\u00e1 ainda sobe na ter\u00e7a-feira de Carnaval no trio da banda Psirico com M\u00e1rcio Victor em alus\u00e3o \u00e0 \u00a0 can\u00e7\u00e3o Mulhers no Comando. T\u00e1 toda organizada, hein!<\/p>\n","protected":false},"excerpt":{"rendered":"<p>A querid\u00edssima jornalista Ma\u00edra Azevedo, conhecida como Tia M\u00e1, vai ganhar um merecido lugar de destaque na folia de Salvador. Ela foi escolhida para ser\u00c2\u00a0 Musa [&hellip;]<\/p>\n","protected":false},"author":1,"featured_media":9870,"comment_status":"open","ping_status":"open","sticky":false,"template":"","format":"image","meta":{"footnotes":""},"categories":[16],"tags":[969,803],"class_list":["post-9867","post","type-post","status-publish","format-image","has-post-thumbnail","hentry","category-me-jogo","tag-maira-azevedo","tag-tia-ma","post_format-post-format-image"],"_links":{"self":[{"href":"https:\/\/blogs.correio24horas.com.br\/mesalte\/wp-json\/wp\/v2\/posts\/9867","targetHints":{"allow":["GET"]}}],"collection":[{"href":"https:\/\/blogs.correio24horas.com.br\/mesalte\/wp-json\/wp\/v2\/posts"}],"about":[{"href":"https:\/\/blogs.correio24horas.com.br\/mesalte\/wp-json\/wp\/v2\/types\/post"}],"author":[{"embeddable":true,"href":"https:\/\/blogs.correio24horas.com.br\/mesalte\/wp-json\/wp\/v2\/users\/1"}],"replies":[{"embeddable":true,"href":"https:\/\/blogs.correio24horas.com.br\/mesalte\/wp-json\/wp\/v2\/comments?post=9867"}],"version-history":[{"count":1,"href":"https:\/\/blogs.correio24horas.com.br\/mesalte\/wp-json\/wp\/v2\/posts\/9867\/revisions"}],"predecessor-version":[{"id":9871,"href":"https:\/\/blogs.correio24horas.com.br\/mesalte\/wp-json\/wp\/v2\/posts\/9867\/revisions\/9871"}],"wp:featuredmedia":[{"embeddable":true,"href":"https:\/\/blogs.correio24horas.com.br\/mesalte\/wp-json\/wp\/v2\/media\/9870"}],"wp:attachment":[{"href":"https:\/\/blogs.correio24horas.com.br\/mesalte\/wp-json\/wp\/v2\/media?parent=9867"}],"wp:term":[{"taxonomy":"category","embeddable":true,"href":"https:\/\/blogs.correio24horas.com.br\/mesalte\/wp-json\/wp\/v2\/categories?post=9867"},{"taxonomy":"post_tag","embeddable":true,"href":"https:\/\/blogs.correio24horas.com.br\/mesalte\/wp-json\/wp\/v2\/tags?post=9867"}],"curies":[{"name":"wp","href":"https:\/\/api.w.org\/{rel}","templated":true}]}}