{"id":9823,"date":"2017-02-16T19:55:44","date_gmt":"2017-02-16T22:55:44","guid":{"rendered":"http:\/\/www.correio24horas.com.br\/blogs\/mesalte\/?p=9823"},"modified":"2017-02-28T10:12:45","modified_gmt":"2017-02-28T13:12:45","slug":"carnaval-beco-das-cores-tera-shows-de-karol-conka-e-liniker","status":"publish","type":"post","link":"https:\/\/blogs.correio24horas.com.br\/mesalte\/carnaval-beco-das-cores-tera-shows-de-karol-conka-e-liniker\/","title":{"rendered":"Carnaval: Beco das Cores ter\u00e1 shows de Karol Conk\u00e1 e Liniker"},"content":{"rendered":"<p class=\"bodytext\"><strong>Por Thais Borges<\/strong><\/p>\n<p class=\"bodytext\">Se tem uma data que pode ser chamada de festa da diversidade \u00e9 o Carnaval. E, na folia de Salvador, o p\u00fablico LGBT ter\u00e1, novamente, o Beco das Cores, localizado na esquina da Rua Dias D\u2122\u00c3\u0081vila com a Avenida Oce\u00e2nica, na Barra, entre o s\u00e1bado (25) e a ter\u00e7a-feira (28).<\/p>\n<p class=\"bodytext\">Dessa vez, a novidade \u00e9 que, al\u00e9m de DJs para animar a festa, o Beco vai ter shows\u00c2\u00a0especiais. Na sexta-feira (24), tem a rapper curitibana Karol Conk\u00e1. Na ter\u00e7a-feira (28), quem se apresenta \u00e9 Liniker, vocalista da banda Liniker e os Caramelows.\u00c2\u00a0Al\u00e9m disso, o p\u00fablico LGBT ter\u00e1, ainda, um Desfile de Fantasia de Luxo e Originalidade na Pra\u00e7a Castro Alves. O evento est\u00e1 previsto para a segunda-feira (27), a partir das 19h.<\/p>\n<div id=\"attachment_9824\" style=\"width: 630px\" class=\"wp-caption aligncenter\"><a href=\"http:\/\/www.correio24horas.com.br\/blogs\/mesalte\/wp-content\/uploads\/2017\/02\/KAROL_LINIKER.jpg\" rel=\"attachment wp-att-9824\"><img loading=\"lazy\" decoding=\"async\" aria-describedby=\"caption-attachment-9824\" class=\"size-full wp-image-9824\" src=\"http:\/\/www.correio24horas.com.br\/blogs\/mesalte\/wp-content\/uploads\/2017\/02\/KAROL_LINIKER.jpg\" alt=\"Karol Conk\u00e1 e Liniker se apresentam no Beco das Cores (Foto: Divulga\u00e7\u00e3o)\" width=\"620\" height=\"395\" srcset=\"https:\/\/blogs.correio24h.com.br\/mesalte\/wp-content\/uploads\/2017\/02\/KAROL_LINIKER.jpg 620w, https:\/\/blogs.correio24h.com.br\/mesalte\/wp-content\/uploads\/2017\/02\/KAROL_LINIKER-300x191.jpg 300w, https:\/\/blogs.correio24h.com.br\/mesalte\/wp-content\/uploads\/2017\/02\/KAROL_LINIKER-229x146.jpg 229w, https:\/\/blogs.correio24h.com.br\/mesalte\/wp-content\/uploads\/2017\/02\/KAROL_LINIKER-50x32.jpg 50w, https:\/\/blogs.correio24h.com.br\/mesalte\/wp-content\/uploads\/2017\/02\/KAROL_LINIKER-118x75.jpg 118w\" sizes=\"auto, (max-width: 620px) 100vw, 620px\" \/><\/a><p id=\"caption-attachment-9824\" class=\"wp-caption-text\">Karol Conk\u00e1 e Liniker se apresentam no Beco das Cores (Fotos: Divulga\u00e7\u00e3o)<\/p><\/div>\n<p class=\"bodytext\">A edi\u00e7\u00e3o de 2017 do Beco das Cores \u00e9 patrocinada pela Trident \u201c por isso, passar\u00e1 a se chamar Beco das Cores Trident Fresh. No intervalo dos trios, os djs v\u00e3o tocar das 20h \u00e0 \u00a0s 3h. A Trident come\u00e7ou ano passado uma parceria com a prefeitura e, esse ano, est\u00e1 ampliada. Ela traz a chancela de uma marca internacional para o Carnaval de Salvador e espero que, a cada ano, a gente possa fazer com que a parceria seja mais robusta\u009d, afirmou o prefeito ACM Neto, em entrevista coletiva na manh\u00e3 desta quinta-feira (16), para divulgar a programa\u00e7\u00e3o completa da folia.<\/p>\n<p class=\"bodytext\">\n","protected":false},"excerpt":{"rendered":"<p>Por Thais Borges Se tem uma data que pode ser chamada de festa da diversidade \u00e9 o Carnaval. E, na folia de Salvador, o p\u00fablico LGBT [&hellip;]<\/p>\n","protected":false},"author":2,"featured_media":9825,"comment_status":"open","ping_status":"open","sticky":false,"template":"","format":"image","meta":{"footnotes":""},"categories":[16],"tags":[959,566,960],"class_list":["post-9823","post","type-post","status-publish","format-image","has-post-thumbnail","hentry","category-me-jogo","tag-beco-das-cores","tag-carnaval","tag-carnaval-de-salvador","post_format-post-format-image"],"_links":{"self":[{"href":"https:\/\/blogs.correio24horas.com.br\/mesalte\/wp-json\/wp\/v2\/posts\/9823","targetHints":{"allow":["GET"]}}],"collection":[{"href":"https:\/\/blogs.correio24horas.com.br\/mesalte\/wp-json\/wp\/v2\/posts"}],"about":[{"href":"https:\/\/blogs.correio24horas.com.br\/mesalte\/wp-json\/wp\/v2\/types\/post"}],"author":[{"embeddable":true,"href":"https:\/\/blogs.correio24horas.com.br\/mesalte\/wp-json\/wp\/v2\/users\/2"}],"replies":[{"embeddable":true,"href":"https:\/\/blogs.correio24horas.com.br\/mesalte\/wp-json\/wp\/v2\/comments?post=9823"}],"version-history":[{"count":3,"href":"https:\/\/blogs.correio24horas.com.br\/mesalte\/wp-json\/wp\/v2\/posts\/9823\/revisions"}],"predecessor-version":[{"id":9828,"href":"https:\/\/blogs.correio24horas.com.br\/mesalte\/wp-json\/wp\/v2\/posts\/9823\/revisions\/9828"}],"wp:featuredmedia":[{"embeddable":true,"href":"https:\/\/blogs.correio24horas.com.br\/mesalte\/wp-json\/wp\/v2\/media\/9825"}],"wp:attachment":[{"href":"https:\/\/blogs.correio24horas.com.br\/mesalte\/wp-json\/wp\/v2\/media?parent=9823"}],"wp:term":[{"taxonomy":"category","embeddable":true,"href":"https:\/\/blogs.correio24horas.com.br\/mesalte\/wp-json\/wp\/v2\/categories?post=9823"},{"taxonomy":"post_tag","embeddable":true,"href":"https:\/\/blogs.correio24horas.com.br\/mesalte\/wp-json\/wp\/v2\/tags?post=9823"}],"curies":[{"name":"wp","href":"https:\/\/api.w.org\/{rel}","templated":true}]}}