{"id":9780,"date":"2017-02-14T09:39:31","date_gmt":"2017-02-14T12:39:31","guid":{"rendered":"http:\/\/www.correio24horas.com.br\/blogs\/mesalte\/?p=9780"},"modified":"2017-02-14T18:22:02","modified_gmt":"2017-02-14T21:22:02","slug":"estudante-gay-sofre-ameacas-de-morte-apos-ter-fotos-roubadas-e-usadas-em-aplicativos-de-paquera","status":"publish","type":"post","link":"https:\/\/blogs.correio24horas.com.br\/mesalte\/estudante-gay-sofre-ameacas-de-morte-apos-ter-fotos-roubadas-e-usadas-em-aplicativos-de-paquera\/","title":{"rendered":"Estudante gay sofre amea\u00e7as de morte ap\u00f3s ter fotos roubadas e usadas em aplicativos de paquera"},"content":{"rendered":"<p>O estudante de Psicologia Alan Bomfim, de 25 anos, viu sua vida se transformar em caos depois que teve suas fotos roubadas e passaram a ser usadas em aplicativos de pega\u00e7\u00e3o gay. O pior: imagens do estudante est\u00e3o circulando pela internet afirmando que ele seria um assaltante que marcava encontros para efetuar os roubos. Em conversa com o Me Salte, Alan explica que tudo come\u00e7ou quando ele perdeu o celular no dia\u00c2\u00a011 de novembro de 2016.<\/p>\n<p>&#8220;Um amigo perguntou se eu tinha perdido o celular, pois tinha uma pessoa de n\u00famero desconhecido usando imagens falando que eu era gay e tal, e utilizando termos chulos em rela\u00e7\u00e3o a mim. Nisso meu amigo me mandou a sequ\u00eancia de imagens e verifiquei que eram todas que estavam no \u00e1lbum de fotos de perfil do meu Facebook. Fiquei incomodado com a situa\u00e7\u00e3o e pedir esse tal n\u00famero desconhecido ao meu amigo e entrei em contato para saber quem estava portando minhas fotos e agindo de forma aversiva, s\u00f3 que n\u00e3o foi a melhor posi\u00e7\u00e3o que tomei e indico que quem passar por algo assim, que n\u00e3o fa\u00e7a isso, pois dei acesso a essa pessoa ter meu n\u00famero&#8221;, relata.<\/p>\n<div id=\"attachment_9782\" style=\"width: 550px\" class=\"wp-caption aligncenter\"><img loading=\"lazy\" decoding=\"async\" aria-describedby=\"caption-attachment-9782\" class=\"wp-image-9782 size-full\" src=\"http:\/\/www.correio24horas.com.br\/blogs\/mesalte\/wp-content\/uploads\/2017\/02\/Alan-_Print.jpg\" alt=\"Alan _Print\" width=\"540\" height=\"960\" srcset=\"https:\/\/blogs.correio24h.com.br\/mesalte\/wp-content\/uploads\/2017\/02\/Alan-_Print.jpg 540w, https:\/\/blogs.correio24h.com.br\/mesalte\/wp-content\/uploads\/2017\/02\/Alan-_Print-169x300.jpg 169w, https:\/\/blogs.correio24h.com.br\/mesalte\/wp-content\/uploads\/2017\/02\/Alan-_Print-82x146.jpg 82w, https:\/\/blogs.correio24h.com.br\/mesalte\/wp-content\/uploads\/2017\/02\/Alan-_Print-28x50.jpg 28w, https:\/\/blogs.correio24h.com.br\/mesalte\/wp-content\/uploads\/2017\/02\/Alan-_Print-42x75.jpg 42w\" sizes=\"auto, (max-width: 540px) 100vw, 540px\" \/><p id=\"caption-attachment-9782\" class=\"wp-caption-text\">Foto de Alan usada em perfil fake Foto: Reprodu\u00e7\u00e3o<\/p><\/div>\n<p>Depois que fez a liga\u00e7\u00e3o, Alan conta que passou a ser amea\u00e7ado. &#8221; Uma vez que n\u00e3o me rendi as vontades desse contato, que tentei saber quem era via WhatsApp, come\u00e7ou a me amea\u00e7ar de morte e uso de termos chulos. Quando bloquei no WhatsApp comecei a receber v\u00e1rias liga\u00e7\u00f5es de n\u00famero privado, onde atendi umas tr\u00eas vezes para ouvir a voz e ver se reconhecia, mas a \u00fanica coisa que aparentou foi ser um homem de mais de 40 anos, pelo timbre da voz e um discurso empobrecido no que se refere a verbaliza\u00e7\u00e3o, que mantinha amea\u00e7as. Por conseguinte n\u00e3o atendi mais, ent\u00e3o dias depois recebi uma mensagem de outro n\u00famero, que tamb\u00e9m era desconhecido, compartilhando fotos de rosto de um jovem, mas tais fotos aparentemente eram editadas, soando como fake, a\u00ed saquei que poderia ser a mesma pessoa, ent\u00e3o fingir est\u00e1 dando espa\u00e7o e a forma de escrita se parecia muito com o contato anterior, por conseguinte bloqueei este n\u00famero tamb\u00e9m e posteriormente a pessoa ligou e somente atendi para ouvir a voz e era a mesma do outro contato. Incomodado com isso abrir um Boletim de Ocorr\u00eancia, utilizando os dois n\u00fameros como acusados, suspeitos, etc. De l\u00e1 pra c\u00e1, fiquei recebendo liga\u00e7\u00f5es de n\u00fameros privado e desconhecido, ou seja, possivelmente dois n\u00fameros diferentes. Decidir mudar de n\u00famero e ao retomar o n\u00famero antigo para verificar, recebi uma ultima liga\u00e7\u00e3o de um n\u00famero privado no dia 26 de janeiro de 2017&#8243;, conta.<\/p>\n<blockquote><p><strong>Durante esse tempo que ficava recebendo liga\u00e7\u00f5es de n\u00fameros privado e desconhecido, fui informado por terceiros do uso de minha imagem, vinculada a fotos de nudez, que ao passar pela minha verifica\u00e7\u00e3o n\u00e3o eram minhas, e estavam sendo usadas para marcar encontros, ou seja, se passando por mim para marcar encontros.<\/strong><\/p><\/blockquote>\n<p>No dia 9 de fevereiro deste ano Alan recebeu uma mensagem atrav\u00e9s do Facebook\u00c2\u00a0de um rapaz desconhecido, que dizia que estavam sua foto para vincular a informa\u00e7\u00e3o de que ele seria um assaltante que marcava encontros para efetuar os roubos. &#8220;No mesmo dia recebi a informa\u00e7\u00e3o de meu namorado que um amigo dele recebeu um print de um outro grupo que estava com minha imagem sendo repassada com a mesma informa\u00e7\u00e3o caluniosa (&#8230;) A\u00c2\u00a0minha foto est\u00e1 circulando fomentando \u00f3dio de pessoas do meio LGBT contra a mim. Tamb\u00e9m sou do meio e prezo tanto pela seguran\u00e7a de n\u00f3s LGBTs, tanto que realizei um trabalho acad\u00eamico referente a pessoas trans, especificamente mulher trans&#8221;, argumenta Alan.<\/p>\n\n\t\t\t<style type='text\/css'>\n\t\t\t\t#gallery-1 {\n\t\t\t\t\tmargin: auto;\n\t\t\t\t}\n\t\t\t\t#gallery-1 .gallery-item {\n\t\t\t\t\tfloat: left;\n\t\t\t\t\tmargin-top: 10px;\n\t\t\t\t\ttext-align: center;\n\t\t\t\t\twidth: 49.99%;\n\t\t\t\t}\n\t\t\t\t#gallery-1 img {\n\t\t\t\t\tborder: 2px solid #cfcfcf;\n\t\t\t\t}\n\t\t\t\t#gallery-1 .gallery-caption {\n\t\t\t\t\tmargin-left: 0;\n\t\t\t\t}\n\t\t\t\t\/* see gallery_shortcode() in wp-includes\/media.php *\/\n\t\t\t<\/style>\n\t\t<div id='gallery-1' class='gallery galleryid-9780 gallery-columns-2 gallery-size-medium file'><dl class='gallery-item'>\n\t\t\t\t<dt class='gallery-icon portrait'>\n\t\t\t\t\t<a href='https:\/\/blogs.correio24h.com.br\/mesalte\/wp-content\/uploads\/2017\/02\/Alan_Boletim-de-Ocorrencia.jpg'><img loading=\"lazy\" decoding=\"async\" width=\"218\" height=\"300\" src=\"https:\/\/blogs.correio24h.com.br\/mesalte\/wp-content\/uploads\/2017\/02\/Alan_Boletim-de-Ocorrencia-218x300.jpg\" class=\"attachment-medium size-medium\" alt=\"\" srcset=\"https:\/\/blogs.correio24h.com.br\/mesalte\/wp-content\/uploads\/2017\/02\/Alan_Boletim-de-Ocorrencia-218x300.jpg 218w, https:\/\/blogs.correio24h.com.br\/mesalte\/wp-content\/uploads\/2017\/02\/Alan_Boletim-de-Ocorrencia-768x1056.jpg 768w, https:\/\/blogs.correio24h.com.br\/mesalte\/wp-content\/uploads\/2017\/02\/Alan_Boletim-de-Ocorrencia-745x1024.jpg 745w, https:\/\/blogs.correio24h.com.br\/mesalte\/wp-content\/uploads\/2017\/02\/Alan_Boletim-de-Ocorrencia-106x146.jpg 106w, https:\/\/blogs.correio24h.com.br\/mesalte\/wp-content\/uploads\/2017\/02\/Alan_Boletim-de-Ocorrencia-36x50.jpg 36w, https:\/\/blogs.correio24h.com.br\/mesalte\/wp-content\/uploads\/2017\/02\/Alan_Boletim-de-Ocorrencia-55x75.jpg 55w, https:\/\/blogs.correio24h.com.br\/mesalte\/wp-content\/uploads\/2017\/02\/Alan_Boletim-de-Ocorrencia.jpg 1700w\" sizes=\"auto, (max-width: 218px) 100vw, 218px\" \/><\/a>\n\t\t\t\t<\/dt><\/dl><dl class='gallery-item'>\n\t\t\t\t<dt class='gallery-icon portrait'>\n\t\t\t\t\t<a href='https:\/\/blogs.correio24h.com.br\/mesalte\/wp-content\/uploads\/2017\/02\/Alan_Boletim-de-Ocorrencia2.jpg'><img loading=\"lazy\" decoding=\"async\" width=\"210\" height=\"300\" src=\"https:\/\/blogs.correio24h.com.br\/mesalte\/wp-content\/uploads\/2017\/02\/Alan_Boletim-de-Ocorrencia2-210x300.jpg\" class=\"attachment-medium size-medium\" alt=\"\" srcset=\"https:\/\/blogs.correio24h.com.br\/mesalte\/wp-content\/uploads\/2017\/02\/Alan_Boletim-de-Ocorrencia2-210x300.jpg 210w, https:\/\/blogs.correio24h.com.br\/mesalte\/wp-content\/uploads\/2017\/02\/Alan_Boletim-de-Ocorrencia2-768x1096.jpg 768w, https:\/\/blogs.correio24h.com.br\/mesalte\/wp-content\/uploads\/2017\/02\/Alan_Boletim-de-Ocorrencia2-718x1024.jpg 718w, https:\/\/blogs.correio24h.com.br\/mesalte\/wp-content\/uploads\/2017\/02\/Alan_Boletim-de-Ocorrencia2-102x146.jpg 102w, https:\/\/blogs.correio24h.com.br\/mesalte\/wp-content\/uploads\/2017\/02\/Alan_Boletim-de-Ocorrencia2-35x50.jpg 35w, https:\/\/blogs.correio24h.com.br\/mesalte\/wp-content\/uploads\/2017\/02\/Alan_Boletim-de-Ocorrencia2-53x75.jpg 53w, https:\/\/blogs.correio24h.com.br\/mesalte\/wp-content\/uploads\/2017\/02\/Alan_Boletim-de-Ocorrencia2.jpg 1639w\" sizes=\"auto, (max-width: 210px) 100vw, 210px\" \/><\/a>\n\t\t\t\t<\/dt><\/dl><br style=\"clear: both\" \/>\n\t\t\t<\/div>\n\n<p>&nbsp;<\/p>\n<blockquote><p><strong>O transtorno \u00e9 o incomodo e a inseguran\u00e7a, pois tenho uma vida pautada em preservar minha imagem, que \u00e9 uma escolha pessoal, assim como as dos meus pr\u00f3ximos, e a\u00ed algu\u00e9m ou algumas pessoas, que \u00e9 isso que gera inseguran\u00e7a, pois n\u00e3o sei quem \u00e9 ou s\u00e3o, passa ou passam a usar minha imagem e ainda vinculando a informa\u00e7\u00f5es falsas, podendo gerar \u00f3dio de alguma pessoa que ao me ver na rua pode agir chamando policia, que \u00e9 menos mau, pois ir\u00e1 se averiguar que a informa\u00e7\u00e3o \u00e9 falsa, mas algu\u00e9m pode agir com viol\u00eancia, que \u00e9 um receio.<\/strong><\/p><\/blockquote>\n<p>Alan faz uma alerta sobre\u00c2\u00a0as informa\u00e7\u00f5es que circulam pelas redes sociais atrav\u00e9s da internet. &#8220;A internet seja ela por via de qual aparelho for \u00e9 uma terra ampla, mas ao mesmo tempo de ningu\u00e9m, ent\u00e3o quando recebermos informa\u00e7\u00f5es vinculadas a pessoas de forma simplificada e sem fonte fidedigna, n\u00e3o devemos repassar a outros, pois pode gerar um transtorno imenso a n\u00edvel f\u00edsico, assim como emocional. E n\u00f3s LGBTs j\u00e1 passamos por muitos transtornos e se algo assim \u00e9 feito contra algu\u00e9m que \u00e9 do meio gera mais um transtorno desnecess\u00e1rio, como gerou na minha vida, ent\u00e3o aten\u00e7\u00e3o e cuidado ao passar a frente essas coisas e aten\u00e7\u00e3o a uso de apps com fotos de rosto que n\u00e3o condizem com as do corpo, ou n\u00e3o passa mais foto al\u00e9m a do perfil, isso no que se refere a rosto e\/ acompanhado de outras pessoas. O mundo fake tamb\u00e9m atinge o meio LGBT, ent\u00e3o por seguran\u00e7a devemos tomar cuidado com isso, e repito: procurar verificar informa\u00e7\u00f5es antes de repassar&#8221;, destaca.<\/p>\n<p>&nbsp;<\/p>\n","protected":false},"excerpt":{"rendered":"<p>O estudante de Psicologia Alan Bomfim, de 25 anos, viu sua vida se transformar em caos depois que teve suas fotos roubadas e passaram a ser [&hellip;]<\/p>\n","protected":false},"author":1,"featured_media":9781,"comment_status":"open","ping_status":"open","sticky":false,"template":"","format":"image","meta":{"footnotes":""},"categories":[80,11],"tags":[],"class_list":["post-9780","post","type-post","status-publish","format-image","has-post-thumbnail","hentry","category-home","category-me-informo","post_format-post-format-image"],"_links":{"self":[{"href":"https:\/\/blogs.correio24horas.com.br\/mesalte\/wp-json\/wp\/v2\/posts\/9780","targetHints":{"allow":["GET"]}}],"collection":[{"href":"https:\/\/blogs.correio24horas.com.br\/mesalte\/wp-json\/wp\/v2\/posts"}],"about":[{"href":"https:\/\/blogs.correio24horas.com.br\/mesalte\/wp-json\/wp\/v2\/types\/post"}],"author":[{"embeddable":true,"href":"https:\/\/blogs.correio24horas.com.br\/mesalte\/wp-json\/wp\/v2\/users\/1"}],"replies":[{"embeddable":true,"href":"https:\/\/blogs.correio24horas.com.br\/mesalte\/wp-json\/wp\/v2\/comments?post=9780"}],"version-history":[{"count":5,"href":"https:\/\/blogs.correio24horas.com.br\/mesalte\/wp-json\/wp\/v2\/posts\/9780\/revisions"}],"predecessor-version":[{"id":9789,"href":"https:\/\/blogs.correio24horas.com.br\/mesalte\/wp-json\/wp\/v2\/posts\/9780\/revisions\/9789"}],"wp:featuredmedia":[{"embeddable":true,"href":"https:\/\/blogs.correio24horas.com.br\/mesalte\/wp-json\/wp\/v2\/media\/9781"}],"wp:attachment":[{"href":"https:\/\/blogs.correio24horas.com.br\/mesalte\/wp-json\/wp\/v2\/media?parent=9780"}],"wp:term":[{"taxonomy":"category","embeddable":true,"href":"https:\/\/blogs.correio24horas.com.br\/mesalte\/wp-json\/wp\/v2\/categories?post=9780"},{"taxonomy":"post_tag","embeddable":true,"href":"https:\/\/blogs.correio24horas.com.br\/mesalte\/wp-json\/wp\/v2\/tags?post=9780"}],"curies":[{"name":"wp","href":"https:\/\/api.w.org\/{rel}","templated":true}]}}