{"id":9775,"date":"2017-02-14T08:54:25","date_gmt":"2017-02-14T11:54:25","guid":{"rendered":"http:\/\/www.correio24horas.com.br\/blogs\/mesalte\/?p=9775"},"modified":"2017-02-14T08:54:25","modified_gmt":"2017-02-14T11:54:25","slug":"modelo-brasileira-valentina-sampaio-e-a-primeira-transgenero-a-estrelar-a-capa-da-vogue-paris","status":"publish","type":"post","link":"https:\/\/blogs.correio24horas.com.br\/mesalte\/modelo-brasileira-valentina-sampaio-e-a-primeira-transgenero-a-estrelar-a-capa-da-vogue-paris\/","title":{"rendered":"Modelo brasileira Valentina Sampaio \u00e9 a primeira transg\u00eanero a estrelar a capa da Vogue Paris"},"content":{"rendered":"<p>A modelo cearense Valentina Sampaio \u00e9 a estrela da edi\u00e7\u00e3o de mar\u00e7o da revista\u00c2\u00a0Vogue Paris, que traz pela primeira vez uma transg\u00eanero em sua capa. As fotos &#8211; assinadas pela dupla Mert Alas e Marcus Piggott \u201c foram feitas em Londres. Valentina Sampaio \u00e9 natural de Aquir\u00e1z \u201c litoral do Cear\u00e1 &#8211; e foi um dos destaques da \u00faltima edi\u00e7\u00e3o da S\u00e3o Paulo Fashion Week.<\/p>\n<p><img loading=\"lazy\" decoding=\"async\" class=\"aligncenter size-full wp-image-9777\" src=\"http:\/\/www.correio24horas.com.br\/blogs\/mesalte\/wp-content\/uploads\/2017\/02\/Valentina-Sampaio-para-Vogue-Paris-2.jpg\" alt=\"Valentina Sampaio para Vogue Paris 2\" width=\"498\" height=\"647\" srcset=\"https:\/\/blogs.correio24h.com.br\/mesalte\/wp-content\/uploads\/2017\/02\/Valentina-Sampaio-para-Vogue-Paris-2.jpg 498w, https:\/\/blogs.correio24h.com.br\/mesalte\/wp-content\/uploads\/2017\/02\/Valentina-Sampaio-para-Vogue-Paris-2-231x300.jpg 231w, https:\/\/blogs.correio24h.com.br\/mesalte\/wp-content\/uploads\/2017\/02\/Valentina-Sampaio-para-Vogue-Paris-2-112x146.jpg 112w, https:\/\/blogs.correio24h.com.br\/mesalte\/wp-content\/uploads\/2017\/02\/Valentina-Sampaio-para-Vogue-Paris-2-38x50.jpg 38w, https:\/\/blogs.correio24h.com.br\/mesalte\/wp-content\/uploads\/2017\/02\/Valentina-Sampaio-para-Vogue-Paris-2-58x75.jpg 58w\" sizes=\"auto, (max-width: 498px) 100vw, 498px\" \/><\/p>\n<p>Aposta da JOY Model \u201c a mesma ag\u00eancia da angel Lais Ribeiro \u201c Valentina comemorou o feito: Orgulhosa e muito feliz!\u009d.<br \/>\nTrata-se de quebrar regras e tentar iluminar algumas mentes obscuras\u009d, refor\u00e7ou o fot\u00f3grafo Mert Alas.\u00c2\u00a0A revista francesa &#8211; uma das mais importantes do mundo \u201c negociou a capa da edi\u00e7\u00e3o diretamente com a ag\u00eancia brasileira de Valentina, a JOY Model, de Liliana Gomes e Marcelo Fonseca. \u00c2\u00a0Valentina Sampaio tem 1.77m e ficou em evid\u00eancia nacional ao ser eleita embaixadora da L\u2122Or\u00e9al.<\/p>\n","protected":false},"excerpt":{"rendered":"<p>A modelo cearense Valentina Sampaio \u00e9 a estrela da edi\u00e7\u00e3o de mar\u00e7o da revista\u00c2\u00a0Vogue Paris, que traz pela primeira vez uma transg\u00eanero em sua capa. As [&hellip;]<\/p>\n","protected":false},"author":1,"featured_media":9776,"comment_status":"open","ping_status":"open","sticky":false,"template":"","format":"image","meta":{"footnotes":""},"categories":[80,9],"tags":[],"class_list":["post-9775","post","type-post","status-publish","format-image","has-post-thumbnail","hentry","category-home","category-me-orgulho","post_format-post-format-image"],"_links":{"self":[{"href":"https:\/\/blogs.correio24horas.com.br\/mesalte\/wp-json\/wp\/v2\/posts\/9775","targetHints":{"allow":["GET"]}}],"collection":[{"href":"https:\/\/blogs.correio24horas.com.br\/mesalte\/wp-json\/wp\/v2\/posts"}],"about":[{"href":"https:\/\/blogs.correio24horas.com.br\/mesalte\/wp-json\/wp\/v2\/types\/post"}],"author":[{"embeddable":true,"href":"https:\/\/blogs.correio24horas.com.br\/mesalte\/wp-json\/wp\/v2\/users\/1"}],"replies":[{"embeddable":true,"href":"https:\/\/blogs.correio24horas.com.br\/mesalte\/wp-json\/wp\/v2\/comments?post=9775"}],"version-history":[{"count":1,"href":"https:\/\/blogs.correio24horas.com.br\/mesalte\/wp-json\/wp\/v2\/posts\/9775\/revisions"}],"predecessor-version":[{"id":9778,"href":"https:\/\/blogs.correio24horas.com.br\/mesalte\/wp-json\/wp\/v2\/posts\/9775\/revisions\/9778"}],"wp:featuredmedia":[{"embeddable":true,"href":"https:\/\/blogs.correio24horas.com.br\/mesalte\/wp-json\/wp\/v2\/media\/9776"}],"wp:attachment":[{"href":"https:\/\/blogs.correio24horas.com.br\/mesalte\/wp-json\/wp\/v2\/media?parent=9775"}],"wp:term":[{"taxonomy":"category","embeddable":true,"href":"https:\/\/blogs.correio24horas.com.br\/mesalte\/wp-json\/wp\/v2\/categories?post=9775"},{"taxonomy":"post_tag","embeddable":true,"href":"https:\/\/blogs.correio24horas.com.br\/mesalte\/wp-json\/wp\/v2\/tags?post=9775"}],"curies":[{"name":"wp","href":"https:\/\/api.w.org\/{rel}","templated":true}]}}