{"id":9764,"date":"2017-02-14T05:23:49","date_gmt":"2017-02-14T08:23:49","guid":{"rendered":"http:\/\/www.correio24horas.com.br\/blogs\/mesalte\/?p=9764"},"modified":"2017-02-28T10:13:11","modified_gmt":"2017-02-28T13:13:11","slug":"blocos-com-claudia-leitte-terao-coletes-no-lugar-dos-abadas","status":"publish","type":"post","link":"https:\/\/blogs.correio24horas.com.br\/mesalte\/blocos-com-claudia-leitte-terao-coletes-no-lugar-dos-abadas\/","title":{"rendered":"Blocos com Claudia Leitte ter\u00e3o coletes no lugar dos abad\u00e1s"},"content":{"rendered":"<p>A cantora Claudia Leitte anunciou ontem (13), com exclusividade ao Me Salte, <a href=\"http:\/\/www.correio24horas.com.br\/blogs\/mesalte\/claudia-leitte-desfilara-em-trio-sem-cordas-no-sabado-de-carnaval-na-barra\/\" target=\"_blank\">que desfilar\u00e1 pela primeira vez sem cordas no Carnaval de Salvador<\/a>. O desfile ser\u00e1 no s\u00e1bado (25) no circuito Barra-Ondina. Na capital baiana, al\u00e9m do trio sem cordas, Claudia tocar\u00e1 na Barra nos blocos Largadinho (domingo, 26 e ter\u00e7a, 28) e Blow Out (sexta, 24), que estreia na folia de Salvador e \u00e9 organizado pelo grupo San Sebastian.<\/p>\n<p>Mas n\u00e3o ser\u00e1 apenas o foli\u00e3o pipoca que ter\u00e1 novidades para a artista. Nos dois blocos que ela desfilar\u00e1 a cantora apresenta uma nova vers\u00e3o do abad\u00e1, que surgiu h\u00e1 24 anos pelas m\u00e3os do designer Pedrinho da Rocha, que prop\u00f4s uma evolu\u00e7\u00e3o para as antigas mortalhas. Para este ano, a fantasia se chamar\u00e1 col\u00e9 e ser\u00e1 um misto de colete com abad\u00e1 criado por Sandro Melo. No Largadinho as pe\u00e7as de marinheiro e pirata levam a assinatura de Alceu Neto. J\u00e1 para o Blow Out a fantasia ser\u00e1 de salva-vidas e foi assinada por Pedrinho da Rocha. O col\u00e9 \u00e9 genial! O novo sempre vem\u009d.<\/p>\n<p><img loading=\"lazy\" decoding=\"async\" class=\"aligncenter size-large wp-image-9766\" src=\"http:\/\/www.correio24horas.com.br\/blogs\/mesalte\/wp-content\/uploads\/2017\/02\/colex-1024x389.jpg\" alt=\"colex\" width=\"1024\" height=\"389\" srcset=\"https:\/\/blogs.correio24h.com.br\/mesalte\/wp-content\/uploads\/2017\/02\/colex-1024x389.jpg 1024w, https:\/\/blogs.correio24h.com.br\/mesalte\/wp-content\/uploads\/2017\/02\/colex-300x114.jpg 300w, https:\/\/blogs.correio24h.com.br\/mesalte\/wp-content\/uploads\/2017\/02\/colex-768x292.jpg 768w, https:\/\/blogs.correio24h.com.br\/mesalte\/wp-content\/uploads\/2017\/02\/colex-260x99.jpg 260w, https:\/\/blogs.correio24h.com.br\/mesalte\/wp-content\/uploads\/2017\/02\/colex-50x19.jpg 50w, https:\/\/blogs.correio24h.com.br\/mesalte\/wp-content\/uploads\/2017\/02\/colex-150x57.jpg 150w, https:\/\/blogs.correio24h.com.br\/mesalte\/wp-content\/uploads\/2017\/02\/colex.jpg 1600w\" sizes=\"auto, (max-width: 1024px) 100vw, 1024px\" \/><\/p>\n<p>Claudia disse que a ideia do col\u00e9 \u00e9 homenagear a hist\u00f3ria do Carnaval. Somos fruto de uma linda hist\u00f3ria escrita por grandes artistas, compositores e empres\u00e1rios. Lembro de guardar meus primeiros abad\u00e1s como tesouros, por isso sempre demos uma aten\u00e7\u00e3o especial a esse item em nossos blocos. Nossa torcida \u00e9 que caia no gosto do povo justamente por ser algo diferente e funcional para todos os tamanhos e estilos. O Col\u00e9 \u00e9 pra todo mundo!\u009d, explica.<\/p>\n<p>A cantora seguir\u00e1 a tend\u00eancia n\u00e1utica nos seus figurinos. Ela estreia como salva-vidas (dia 24, no Blow Out), depois, no trio sem cordas (dia 25) sai como havaiana e, para o Largadinho, encenar\u00e1 uma comandante no domingo (26), e uma pirata na ter\u00e7a-feira (28).<\/p>\n","protected":false},"excerpt":{"rendered":"<p>A cantora Claudia Leitte anunciou ontem (13), com exclusividade ao Me Salte, que desfilar\u00e1 pela primeira vez sem cordas no Carnaval de Salvador. O desfile ser\u00e1 [&hellip;]<\/p>\n","protected":false},"author":1,"featured_media":9767,"comment_status":"open","ping_status":"open","sticky":false,"template":"","format":"image","meta":{"footnotes":""},"categories":[28],"tags":[],"class_list":["post-9764","post","type-post","status-publish","format-image","has-post-thumbnail","hentry","category-farofa-digital","post_format-post-format-image"],"_links":{"self":[{"href":"https:\/\/blogs.correio24horas.com.br\/mesalte\/wp-json\/wp\/v2\/posts\/9764","targetHints":{"allow":["GET"]}}],"collection":[{"href":"https:\/\/blogs.correio24horas.com.br\/mesalte\/wp-json\/wp\/v2\/posts"}],"about":[{"href":"https:\/\/blogs.correio24horas.com.br\/mesalte\/wp-json\/wp\/v2\/types\/post"}],"author":[{"embeddable":true,"href":"https:\/\/blogs.correio24horas.com.br\/mesalte\/wp-json\/wp\/v2\/users\/1"}],"replies":[{"embeddable":true,"href":"https:\/\/blogs.correio24horas.com.br\/mesalte\/wp-json\/wp\/v2\/comments?post=9764"}],"version-history":[{"count":1,"href":"https:\/\/blogs.correio24horas.com.br\/mesalte\/wp-json\/wp\/v2\/posts\/9764\/revisions"}],"predecessor-version":[{"id":9768,"href":"https:\/\/blogs.correio24horas.com.br\/mesalte\/wp-json\/wp\/v2\/posts\/9764\/revisions\/9768"}],"wp:featuredmedia":[{"embeddable":true,"href":"https:\/\/blogs.correio24horas.com.br\/mesalte\/wp-json\/wp\/v2\/media\/9767"}],"wp:attachment":[{"href":"https:\/\/blogs.correio24horas.com.br\/mesalte\/wp-json\/wp\/v2\/media?parent=9764"}],"wp:term":[{"taxonomy":"category","embeddable":true,"href":"https:\/\/blogs.correio24horas.com.br\/mesalte\/wp-json\/wp\/v2\/categories?post=9764"},{"taxonomy":"post_tag","embeddable":true,"href":"https:\/\/blogs.correio24horas.com.br\/mesalte\/wp-json\/wp\/v2\/tags?post=9764"}],"curies":[{"name":"wp","href":"https:\/\/api.w.org\/{rel}","templated":true}]}}