{"id":9758,"date":"2017-02-13T17:45:08","date_gmt":"2017-02-13T20:45:08","guid":{"rendered":"http:\/\/www.correio24horas.com.br\/blogs\/mesalte\/?p=9758"},"modified":"2017-03-03T09:30:30","modified_gmt":"2017-03-03T12:30:30","slug":"claudia-leitte-desfilara-em-trio-sem-cordas-no-sabado-de-carnaval-na-barra","status":"publish","type":"post","link":"https:\/\/blogs.correio24horas.com.br\/mesalte\/claudia-leitte-desfilara-em-trio-sem-cordas-no-sabado-de-carnaval-na-barra\/","title":{"rendered":"Claudia Leitte desfilar\u00e1 em trio sem cordas no s\u00e1bado de Carnaval na Barra"},"content":{"rendered":"<p>O Carnaval de Salvador \u00e9 feito de estreias mesmo para quem j\u00e1 \u00e9 experiente na folia. Esse ano, no s\u00e1bado (25) a cantora Claudia Leitte viver\u00e1 pela primeira vez a experi\u00eancia de puxar um trio sem cordas voltado exclusivamente para o foli\u00e3o pipoca. Puxar a pipoca \u00e9 um sonho antigo. Ano passado eu fui convidada, mas n\u00e3o tive agenda. Esse ano eu me programei e separei um dia para realizar esse sonho. Sou super a favor do carnaval para todos os p\u00fablicos\u009d, contou Claudia com exclusividade ao Me Salte, canal de not\u00edcias LGBT do CORREIO.<\/p>\n<p>O desfile dos sonhos da cantora acontecer\u00e1 no circuito Barra-Ondina. Esse ano o carnaval de Claudia ter\u00e1 como inspira\u00e7\u00e3o o estilo navy &#8211; que remete ao universo n\u00e1utico. O trio usado pela cantora, por exemplo, ser\u00e1 todo decorado com a tem\u00e1tica mar\u00edtima. Ser\u00e1 um navio el\u00e9trico\u009d, confirma Claudia. Na capital baiana, al\u00e9m do trio sem cordas, Claudia tocar\u00e1 na Barra nos blocos Largadinho (domingo, 26 e ter\u00e7a, 28) e Blow Out (sexta, 24), que estreia na folia de Salvador e \u00e9 organizado pelo grupo San Sebastian.<\/p>\n<p><span style=\"font-weight: 400;\"> Al\u00e9m dos shows em Salvador, Claudia se apresentar\u00e1 tamb\u00e9m fora da Bahia. A t\u00e9cnica do The Voice Brasil canta na segunda-feira (27) no bloco Vermes &amp; Cia, em Muzambinho, Sul de Minas Gerais.<\/span><\/p>\n<p><strong>J\u00e1 ensaiou o Taquit\u00e1?\u00c2\u00a0<\/strong><\/p>\n<p><iframe loading=\"lazy\" src=\"https:\/\/www.youtube.com\/embed\/7q_whjCx9X0\" width=\"560\" height=\"315\" frameborder=\"0\" allowfullscreen=\"allowfullscreen\"><\/iframe><\/p>\n","protected":false},"excerpt":{"rendered":"<p>O Carnaval de Salvador \u00e9 feito de estreias mesmo para quem j\u00e1 \u00e9 experiente na folia. Esse ano, no s\u00e1bado (25) a cantora Claudia Leitte viver\u00e1 [&hellip;]<\/p>\n","protected":false},"author":1,"featured_media":7114,"comment_status":"open","ping_status":"open","sticky":false,"template":"","format":"image","meta":{"footnotes":""},"categories":[26],"tags":[569],"class_list":["post-9758","post","type-post","status-publish","format-image","has-post-thumbnail","hentry","category-me-inspiro","tag-claudia-leitte","post_format-post-format-image"],"_links":{"self":[{"href":"https:\/\/blogs.correio24horas.com.br\/mesalte\/wp-json\/wp\/v2\/posts\/9758","targetHints":{"allow":["GET"]}}],"collection":[{"href":"https:\/\/blogs.correio24horas.com.br\/mesalte\/wp-json\/wp\/v2\/posts"}],"about":[{"href":"https:\/\/blogs.correio24horas.com.br\/mesalte\/wp-json\/wp\/v2\/types\/post"}],"author":[{"embeddable":true,"href":"https:\/\/blogs.correio24horas.com.br\/mesalte\/wp-json\/wp\/v2\/users\/1"}],"replies":[{"embeddable":true,"href":"https:\/\/blogs.correio24horas.com.br\/mesalte\/wp-json\/wp\/v2\/comments?post=9758"}],"version-history":[{"count":2,"href":"https:\/\/blogs.correio24horas.com.br\/mesalte\/wp-json\/wp\/v2\/posts\/9758\/revisions"}],"predecessor-version":[{"id":9760,"href":"https:\/\/blogs.correio24horas.com.br\/mesalte\/wp-json\/wp\/v2\/posts\/9758\/revisions\/9760"}],"wp:featuredmedia":[{"embeddable":true,"href":"https:\/\/blogs.correio24horas.com.br\/mesalte\/wp-json\/wp\/v2\/media\/7114"}],"wp:attachment":[{"href":"https:\/\/blogs.correio24horas.com.br\/mesalte\/wp-json\/wp\/v2\/media?parent=9758"}],"wp:term":[{"taxonomy":"category","embeddable":true,"href":"https:\/\/blogs.correio24horas.com.br\/mesalte\/wp-json\/wp\/v2\/categories?post=9758"},{"taxonomy":"post_tag","embeddable":true,"href":"https:\/\/blogs.correio24horas.com.br\/mesalte\/wp-json\/wp\/v2\/tags?post=9758"}],"curies":[{"name":"wp","href":"https:\/\/api.w.org\/{rel}","templated":true}]}}