{"id":9740,"date":"2017-02-13T09:50:19","date_gmt":"2017-02-13T12:50:19","guid":{"rendered":"http:\/\/www.correio24horas.com.br\/blogs\/mesalte\/?p=9740"},"modified":"2017-03-03T09:30:36","modified_gmt":"2017-03-03T12:30:36","slug":"margareth-menezes-e-ivete-sangalo-lotam-mercado-iao","status":"publish","type":"post","link":"https:\/\/blogs.correio24horas.com.br\/mesalte\/margareth-menezes-e-ivete-sangalo-lotam-mercado-iao\/","title":{"rendered":"Margareth Menezes e Ivete Sangalo lotam Mercado Ia\u00f4"},"content":{"rendered":"<p><em>Por Carmen Vasconcelos <\/em><\/p>\n<p>Quem foi \u00e0 \u00a0 \u00faltima edi\u00e7\u00e3o do Mercado Ia\u00f4 antes do Carnaval teve a impress\u00e3o de que o reinado de Momo havia chegado mais cedo. Pela primeira vez desde que o evento foi iniciado, os port\u00f5es foram fechados \u00e0 \u00a0s 16h, quando o normal \u00e9 o encerramento \u00e0 \u00a0s 18h. Antes mesmo da anfitri\u00e3 subir ao palco, o espa\u00e7o j\u00e1 fervilhava e atingiu o p\u00fablico m\u00e1ximo &#8211; cerca de 5,5 mil pessoas. A raz\u00e3o de tanto alvoro\u00e7o atende pelo nome de Ivete Sangalo, a convidada para essa edi\u00e7\u00e3o.\u00c2\u00a0A abertura do show foi feita pelo lend\u00e1rio Riach\u00e3o, que apesar da aparente fragilidade dos seus 95 anos, contagiou o p\u00fablico com cl\u00e1ssicos como \u02dcCada macaco no seu galho\u2122 e \u02dcRetrato da Bahia\u2122.<\/p>\n<p><img loading=\"lazy\" decoding=\"async\" class=\"aligncenter size-large wp-image-9741\" src=\"http:\/\/www.correio24horas.com.br\/blogs\/mesalte\/wp-content\/uploads\/2017\/02\/Ivete-e-Maga-2-_Foto-Betto-Jr-1024x684.jpg\" alt=\"Ivete e Maga 2 _Foto Betto Jr\" width=\"1024\" height=\"684\" srcset=\"https:\/\/blogs.correio24h.com.br\/mesalte\/wp-content\/uploads\/2017\/02\/Ivete-e-Maga-2-_Foto-Betto-Jr-1024x684.jpg 1024w, https:\/\/blogs.correio24h.com.br\/mesalte\/wp-content\/uploads\/2017\/02\/Ivete-e-Maga-2-_Foto-Betto-Jr-300x200.jpg 300w, https:\/\/blogs.correio24h.com.br\/mesalte\/wp-content\/uploads\/2017\/02\/Ivete-e-Maga-2-_Foto-Betto-Jr-768x513.jpg 768w, https:\/\/blogs.correio24h.com.br\/mesalte\/wp-content\/uploads\/2017\/02\/Ivete-e-Maga-2-_Foto-Betto-Jr-219x146.jpg 219w, https:\/\/blogs.correio24h.com.br\/mesalte\/wp-content\/uploads\/2017\/02\/Ivete-e-Maga-2-_Foto-Betto-Jr-50x33.jpg 50w, https:\/\/blogs.correio24h.com.br\/mesalte\/wp-content\/uploads\/2017\/02\/Ivete-e-Maga-2-_Foto-Betto-Jr-112x75.jpg 112w\" sizes=\"auto, (max-width: 1024px) 100vw, 1024px\" \/><\/p>\n<p>Em seguida, Margareth Menezes fez o p\u00fablico dan\u00e7ar ao som de Alegria da Cidade, Fara\u00f3, Dandalunda, al\u00e9m de lembrar de I miss her, do Olodum; Mama \u00e0 \u0081frica, deChico C\u00e9sar; e \u00e0 \u0081rvore, de Edson Gomes. O p\u00fablico foi ao del\u00edrio quando Maga cantou Ainda Bem, de Marisa Monte, num ritmo bem pr\u00f3ximo do arrocha. Ela \u00e9 maravilhosa e, al\u00e9m disso, sabe passear por ritmos diversos\u009d, comentou a administradora Priscila Macambira.<\/p>\n<p>Pela primeira vez no Mercado, ela reconheceu que se soubesse que o espa\u00e7o oferecia tanta riqueza cultural n\u00e3o teria perdido tempo. Mesmo cheio, h\u00e1 um clima de calma e isso \u00e9 muito positivo\u009d, comentou ela. Com uma postura bem parecida, a professora Maria Jos\u00e9 Costa afirmou que se fosse por sua vontade, as edi\u00e7\u00f5es do Mercado Ia\u00f4 seriam realizadas todos os finais de semana do ano. \u00c9 um encontro sensacional: re\u00fane boa m\u00fasica, bons convidados e uma proposta que \u00e9 muito interessante, principalmente para mim que moro aqui perto\u009d, completou.<\/p>\n<p>Quando Margareth finalizou Sina, de Djavan, foi a deixa para Ivete subir ao palco, levando uma legi\u00e3o de f\u00e3s ao del\u00edrio. Entre as can\u00e7\u00f5es que foram apresentadas pela estrela da m\u00fasica baiana, a m\u00fasica O Farol agitou o p\u00fablico.<\/p>\n<p><img loading=\"lazy\" decoding=\"async\" class=\"aligncenter size-large wp-image-9742\" src=\"http:\/\/www.correio24horas.com.br\/blogs\/mesalte\/wp-content\/uploads\/2017\/02\/Margareth-no-Ia\u00f4-684x1024.jpg\" alt=\"Margareth no Ia\u00f4\" width=\"684\" height=\"1024\" srcset=\"https:\/\/blogs.correio24h.com.br\/mesalte\/wp-content\/uploads\/2017\/02\/Margareth-no-Ia\u00f4-684x1024.jpg 684w, https:\/\/blogs.correio24h.com.br\/mesalte\/wp-content\/uploads\/2017\/02\/Margareth-no-Ia\u00f4-200x300.jpg 200w, https:\/\/blogs.correio24h.com.br\/mesalte\/wp-content\/uploads\/2017\/02\/Margareth-no-Ia\u00f4-768x1150.jpg 768w, https:\/\/blogs.correio24h.com.br\/mesalte\/wp-content\/uploads\/2017\/02\/Margareth-no-Ia\u00f4-97x146.jpg 97w, https:\/\/blogs.correio24h.com.br\/mesalte\/wp-content\/uploads\/2017\/02\/Margareth-no-Ia\u00f4-33x50.jpg 33w, https:\/\/blogs.correio24h.com.br\/mesalte\/wp-content\/uploads\/2017\/02\/Margareth-no-Ia\u00f4-50x75.jpg 50w\" sizes=\"auto, (max-width: 684px) 100vw, 684px\" \/><\/p>\n<p>&nbsp;<\/p>\n","protected":false},"excerpt":{"rendered":"<p>Por Carmen Vasconcelos Quem foi \u00e0 \u00a0 \u00faltima edi\u00e7\u00e3o do Mercado Ia\u00f4 antes do Carnaval teve a impress\u00e3o de que o reinado de Momo havia chegado [&hellip;]<\/p>\n","protected":false},"author":1,"featured_media":9743,"comment_status":"open","ping_status":"open","sticky":false,"template":"","format":"image","meta":{"footnotes":""},"categories":[28],"tags":[415,839],"class_list":["post-9740","post","type-post","status-publish","format-image","has-post-thumbnail","hentry","category-farofa-digital","tag-ivete-sangalo","tag-margareth-menezes","post_format-post-format-image"],"_links":{"self":[{"href":"https:\/\/blogs.correio24horas.com.br\/mesalte\/wp-json\/wp\/v2\/posts\/9740","targetHints":{"allow":["GET"]}}],"collection":[{"href":"https:\/\/blogs.correio24horas.com.br\/mesalte\/wp-json\/wp\/v2\/posts"}],"about":[{"href":"https:\/\/blogs.correio24horas.com.br\/mesalte\/wp-json\/wp\/v2\/types\/post"}],"author":[{"embeddable":true,"href":"https:\/\/blogs.correio24horas.com.br\/mesalte\/wp-json\/wp\/v2\/users\/1"}],"replies":[{"embeddable":true,"href":"https:\/\/blogs.correio24horas.com.br\/mesalte\/wp-json\/wp\/v2\/comments?post=9740"}],"version-history":[{"count":1,"href":"https:\/\/blogs.correio24horas.com.br\/mesalte\/wp-json\/wp\/v2\/posts\/9740\/revisions"}],"predecessor-version":[{"id":9744,"href":"https:\/\/blogs.correio24horas.com.br\/mesalte\/wp-json\/wp\/v2\/posts\/9740\/revisions\/9744"}],"wp:featuredmedia":[{"embeddable":true,"href":"https:\/\/blogs.correio24horas.com.br\/mesalte\/wp-json\/wp\/v2\/media\/9743"}],"wp:attachment":[{"href":"https:\/\/blogs.correio24horas.com.br\/mesalte\/wp-json\/wp\/v2\/media?parent=9740"}],"wp:term":[{"taxonomy":"category","embeddable":true,"href":"https:\/\/blogs.correio24horas.com.br\/mesalte\/wp-json\/wp\/v2\/categories?post=9740"},{"taxonomy":"post_tag","embeddable":true,"href":"https:\/\/blogs.correio24horas.com.br\/mesalte\/wp-json\/wp\/v2\/tags?post=9740"}],"curies":[{"name":"wp","href":"https:\/\/api.w.org\/{rel}","templated":true}]}}