{"id":9723,"date":"2017-02-09T11:32:33","date_gmt":"2017-02-09T14:32:33","guid":{"rendered":"http:\/\/www.correio24horas.com.br\/blogs\/mesalte\/?p=9723"},"modified":"2017-02-09T15:19:29","modified_gmt":"2017-02-09T18:19:29","slug":"homem-trans-faz-campanha-para-fazer-retirada-dos-seios-so-quero-sentir-esse-corpo-como-se-fosse-meu","status":"publish","type":"post","link":"https:\/\/blogs.correio24horas.com.br\/mesalte\/homem-trans-faz-campanha-para-fazer-retirada-dos-seios-so-quero-sentir-esse-corpo-como-se-fosse-meu\/","title":{"rendered":"Homem trans faz campanha para fazer retirada dos seios: &#8220;s\u00f3 quero sentir esse corpo como se fosse meu&#8221;"},"content":{"rendered":"<p>O homem trans Th\u00e9o Meirelles, que \u00e9 <a href=\"http:\/\/www.correio24horas.com.br\/blogs\/mesalte\/prefeitura-de-salvador-divulga-video-explicando-o-que-e-transexualidade\/\" target=\"_blank\">estudante de Jornalismo<\/a>, resolveu abrir o seu cora\u00e7\u00e3o pelas redes sociais para pedir ajuda para ser feliz. Explico: ele abriu uma campanha, pelas redes sociais, onde pede ajuda para levantar a quantia de R$ 9 mil \u00c2\u00a0para realizar a mastectomia &#8211; a cirurgia de retirada das mamas. &#8220;Hoje uso o binder\u009d, uma esp\u00e9cie de bandagem feita sob medida para apertar e esconder os seios. Para que voc\u00eas tenham no\u00e7\u00e3o, tiramos a medida do busto e 30 cm s\u00e3o subtra\u00eddos da medida. A quest\u00e3o \u00e9 que minha postura est\u00e1 ainda mais comprometida, estou ficando com a pele escura na regi\u00e3o comprimida, por conta das assaduras provocadas, e com algumas marcas roxas nas \u00e1reas onde h\u00e1 maior atrito do binder\u009d com a pele. Esse mart\u00edrio me acompanha a cada sa\u00edda na rua, cada vez que recebo uma visita, e, cada minuto amarrado\u009d \u00e9 uma agonia que me for\u00e7o a suportar. Eu s\u00f3 quero sentir esse corpo como se fosse meu&#8221;, contou Th\u00e9o.<\/p>\n<p>Recentemente, o Me Salte fez um especial de reportagens mostrando, dentre outros aspectos, <a href=\"http:\/\/www.correio24horas.com.br\/blogs\/mesalte\/para-ser-uma-pessoa-trans-ou-travesti-precisa-fazer-cirurgia\/\" target=\"_blank\">a dificuldade que pessoas trans t\u00eam para realizar cirurgias pelo servi\u00e7o p\u00fablico de sa\u00fade<\/a>\u00c2\u00a0e da import\u00e2ncia que esses procedimentos para algumas pessoas. &#8220;Sobrevivi a essa odisseia dolorosa, a tr\u00eas tentativas de suic\u00eddio, a depress\u00e3o pesada, ao fundo do po\u00e7o, crises convulsivas provocadas por ansiedade e nervosismo, ao afastamento das pessoas, aos diagn\u00f3sticos errados, a falta de perspectiva, ao sil\u00eancio da minha pr\u00f3pria voz, ao meu pr\u00f3prio boicote&#8221;, <a href=\"http:\/\/www.correio24horas.com.br\/blogs\/mesalte\/sou-lgbt-com-orgulho-theo-meirelles-homem-trans-e-estudante\/\" target=\"_blank\">explica Th\u00e9o<\/a>. Recentemente, ele contou aqui no Me Salte como se sentia um ano depois que assumiu sua nova<a href=\"http:\/\/www.correio24horas.com.br\/blogs\/mesalte\/homem-trans-theo-meireles-conta-como-se-sente-apos-um-ano-que-assumiu-sua-nova-identidade-de-genero\/\" target=\"_blank\"> identidade de g\u00eanero.<\/a><\/p>\n<p><strong>Vamos todxs ajudar o Th\u00e9o? <\/strong><em>Seguem os dados banc\u00e1rios &#8211; se voc\u00ea n\u00e3o tiver como ajudar financeiramente compartilha essa postagem com outras pessoas para que Th\u00e9o consiga viver feliz. Ele promete que, caso a arrecada\u00e7\u00e3o supere os R$9 mil necess\u00e1rios para ele fazer a cirurgia, doar\u00e1 o excedente para outras pessoas trans fazerem o mesmo.\u00c2\u00a0<\/em><strong><br \/>\n<\/strong>BANCO: CAIXA ECON\u00d4MICA FEDERAL<br \/>\nNOME: RITA DE C\u00c3\u0081SSIA LIMA BARRETO<br \/>\nCPF: 328.281.015-68<br \/>\nAG\u00caNCIA: 3888<br \/>\nN\u00daMERO DA CONTA POUPAN\u00c7A: 0001463-9<br \/>\nOPERA\u00c7\u00c3O: 013<\/p>\n<p><img loading=\"lazy\" decoding=\"async\" class=\"aligncenter size-full wp-image-9724\" src=\"http:\/\/www.correio24horas.com.br\/blogs\/mesalte\/wp-content\/uploads\/2017\/02\/relato.jpg\" alt=\"relato\" width=\"1017\" height=\"731\" srcset=\"https:\/\/blogs.correio24h.com.br\/mesalte\/wp-content\/uploads\/2017\/02\/relato.jpg 1017w, https:\/\/blogs.correio24h.com.br\/mesalte\/wp-content\/uploads\/2017\/02\/relato-300x216.jpg 300w, https:\/\/blogs.correio24h.com.br\/mesalte\/wp-content\/uploads\/2017\/02\/relato-768x552.jpg 768w, https:\/\/blogs.correio24h.com.br\/mesalte\/wp-content\/uploads\/2017\/02\/relato-203x146.jpg 203w, https:\/\/blogs.correio24h.com.br\/mesalte\/wp-content\/uploads\/2017\/02\/relato-50x36.jpg 50w, https:\/\/blogs.correio24h.com.br\/mesalte\/wp-content\/uploads\/2017\/02\/relato-104x75.jpg 104w\" sizes=\"auto, (max-width: 1017px) 100vw, 1017px\" \/><\/p>\n<p><strong>Confira a \u00edntegra do relato do Th\u00e9o e ajude:<\/strong><br \/>\n<strong> POR GENTILEZA, DEDIQUEM UM MINUTINHO PARA LER AT\u00c9 O FINAL! \u00e2\u2122\u00a5<\/strong><\/p>\n<p>Encarar o espelho passou a ser meu pesadelo quando a maldita puberdade bateu na minha po<\/p>\n","protected":false},"excerpt":{"rendered":"<p>O homem trans Th\u00e9o Meirelles, que \u00e9 estudante de Jornalismo, resolveu abrir o seu cora\u00e7\u00e3o pelas redes sociais para pedir ajuda para ser feliz. Explico: ele [&hellip;]<\/p>\n","protected":false},"author":1,"featured_media":9316,"comment_status":"closed","ping_status":"closed","sticky":false,"template":"","format":"image","meta":{"footnotes":""},"categories":[80,11],"tags":[955,50,462],"class_list":["post-9723","post","type-post","status-publish","format-image","has-post-thumbnail","hentry","category-home","category-me-informo","tag-mastectomia","tag-trans","tag-transgender","post_format-post-format-image"],"_links":{"self":[{"href":"https:\/\/blogs.correio24horas.com.br\/mesalte\/wp-json\/wp\/v2\/posts\/9723","targetHints":{"allow":["GET"]}}],"collection":[{"href":"https:\/\/blogs.correio24horas.com.br\/mesalte\/wp-json\/wp\/v2\/posts"}],"about":[{"href":"https:\/\/blogs.correio24horas.com.br\/mesalte\/wp-json\/wp\/v2\/types\/post"}],"author":[{"embeddable":true,"href":"https:\/\/blogs.correio24horas.com.br\/mesalte\/wp-json\/wp\/v2\/users\/1"}],"replies":[{"embeddable":true,"href":"https:\/\/blogs.correio24horas.com.br\/mesalte\/wp-json\/wp\/v2\/comments?post=9723"}],"version-history":[{"count":2,"href":"https:\/\/blogs.correio24horas.com.br\/mesalte\/wp-json\/wp\/v2\/posts\/9723\/revisions"}],"predecessor-version":[{"id":9726,"href":"https:\/\/blogs.correio24horas.com.br\/mesalte\/wp-json\/wp\/v2\/posts\/9723\/revisions\/9726"}],"wp:featuredmedia":[{"embeddable":true,"href":"https:\/\/blogs.correio24horas.com.br\/mesalte\/wp-json\/wp\/v2\/media\/9316"}],"wp:attachment":[{"href":"https:\/\/blogs.correio24horas.com.br\/mesalte\/wp-json\/wp\/v2\/media?parent=9723"}],"wp:term":[{"taxonomy":"category","embeddable":true,"href":"https:\/\/blogs.correio24horas.com.br\/mesalte\/wp-json\/wp\/v2\/categories?post=9723"},{"taxonomy":"post_tag","embeddable":true,"href":"https:\/\/blogs.correio24horas.com.br\/mesalte\/wp-json\/wp\/v2\/tags?post=9723"}],"curies":[{"name":"wp","href":"https:\/\/api.w.org\/{rel}","templated":true}]}}