{"id":9706,"date":"2017-02-08T08:06:06","date_gmt":"2017-02-08T11:06:06","guid":{"rendered":"http:\/\/www.correio24horas.com.br\/blogs\/mesalte\/?p=9706"},"modified":"2017-03-03T09:31:13","modified_gmt":"2017-03-03T12:31:13","slug":"9706-2","status":"publish","type":"post","link":"https:\/\/blogs.correio24horas.com.br\/mesalte\/9706-2\/","title":{"rendered":"Preta Gil vai homenagear Oxum em trio da diversidade no Carnaval de Salvador"},"content":{"rendered":"<p><em>Por Verena Paranhos<\/em><\/p>\n<p>Preta Gil tem tudo para ser um dos centros de aten\u00e7\u00e3o do Carnaval de Salvador este ano, puxando o Bloco da Preta pela primeira vez por aqui. O desfile est\u00e1 marcado para sexta-feira, 24, \u00e0 \u00a0s 20h30, e n\u00e3o ter\u00e1 cordas. Ou seja, \u00e9 de gra\u00e7a e para o foli\u00e3o pipoca. \u00c9 o trio da diversidade. Tem esse lema de agregar todos, senhores, senhoras, crian\u00e7as, casais gays e heterossexuais\u009d, contou a cantora em entrevista coletiva realizada na tarde desta ter\u00e7a-feira, 7, para contar as novidades do Camarote 2222, que ser\u00e1 comandado pela cantora a partir de 2018.<\/p>\n<p>Celebrando o centen\u00e1rio de Chacrinha, o Bloco da Preta far\u00e1 seu oitavo Carnaval no Rio de Janeiro, com a expectativa de arrastar mais de 500 mil foli\u00f5es nas ruas. Ano que vem espero que ele esteja mais presente aqui no Ver\u00e3o at\u00e9 culminar no Carnaval. Eu sempre fa\u00e7o a ponte entre o Rio e Salvador, levo pra l\u00e1 o que est\u00e1 tocando aqui, foi assim com Me Libera Nega\u009d, destacou a cantora, que no Rio estar\u00e1 fantasiada de Chacrete da Diversidade. Por aqui, ela vai homenagear Oxum e vestir dourado. O bloco j\u00e1 est\u00e1 sendo tratado como um dos grandes espa\u00e7os da diversidade no Carnaval. No mesmo dia, no circuito, tem<a href=\"http:\/\/www.correio24horas.com.br\/blogs\/mesalte\/preta-gil-confirma-trio-sem-cordas-no-mesmo-dia-que-anitta-em-salvador\/\" target=\"_blank\"> Anitta e Claudia Leitte.\u00c2\u00a0<\/a><\/p>\n<p>Apesar da pol\u00eamica recente envolvendo marchinhas politicamente incorretas, Preta Gil garantiu que vai manter no repert\u00f3rio m\u00fasicas como Maria Sapat\u00e3o, Cabeleira do Zez\u00e9 e Mulata Assanhada.<\/p>\n","protected":false},"excerpt":{"rendered":"<p>Por Verena Paranhos Preta Gil tem tudo para ser um dos centros de aten\u00e7\u00e3o do Carnaval de Salvador este ano, puxando o Bloco da Preta pela [&hellip;]<\/p>\n","protected":false},"author":1,"featured_media":9707,"comment_status":"open","ping_status":"open","sticky":false,"template":"","format":"image","meta":{"footnotes":""},"categories":[16],"tags":[951],"class_list":["post-9706","post","type-post","status-publish","format-image","has-post-thumbnail","hentry","category-me-jogo","tag-bloco-preta-2222","post_format-post-format-image"],"_links":{"self":[{"href":"https:\/\/blogs.correio24horas.com.br\/mesalte\/wp-json\/wp\/v2\/posts\/9706","targetHints":{"allow":["GET"]}}],"collection":[{"href":"https:\/\/blogs.correio24horas.com.br\/mesalte\/wp-json\/wp\/v2\/posts"}],"about":[{"href":"https:\/\/blogs.correio24horas.com.br\/mesalte\/wp-json\/wp\/v2\/types\/post"}],"author":[{"embeddable":true,"href":"https:\/\/blogs.correio24horas.com.br\/mesalte\/wp-json\/wp\/v2\/users\/1"}],"replies":[{"embeddable":true,"href":"https:\/\/blogs.correio24horas.com.br\/mesalte\/wp-json\/wp\/v2\/comments?post=9706"}],"version-history":[{"count":2,"href":"https:\/\/blogs.correio24horas.com.br\/mesalte\/wp-json\/wp\/v2\/posts\/9706\/revisions"}],"predecessor-version":[{"id":9709,"href":"https:\/\/blogs.correio24horas.com.br\/mesalte\/wp-json\/wp\/v2\/posts\/9706\/revisions\/9709"}],"wp:featuredmedia":[{"embeddable":true,"href":"https:\/\/blogs.correio24horas.com.br\/mesalte\/wp-json\/wp\/v2\/media\/9707"}],"wp:attachment":[{"href":"https:\/\/blogs.correio24horas.com.br\/mesalte\/wp-json\/wp\/v2\/media?parent=9706"}],"wp:term":[{"taxonomy":"category","embeddable":true,"href":"https:\/\/blogs.correio24horas.com.br\/mesalte\/wp-json\/wp\/v2\/categories?post=9706"},{"taxonomy":"post_tag","embeddable":true,"href":"https:\/\/blogs.correio24horas.com.br\/mesalte\/wp-json\/wp\/v2\/tags?post=9706"}],"curies":[{"name":"wp","href":"https:\/\/api.w.org\/{rel}","templated":true}]}}