{"id":9703,"date":"2017-02-08T07:54:18","date_gmt":"2017-02-08T10:54:18","guid":{"rendered":"http:\/\/www.correio24horas.com.br\/blogs\/mesalte\/?p=9703"},"modified":"2017-03-03T09:31:26","modified_gmt":"2017-03-03T12:31:26","slug":"maria-rita-cancela-participacao-no-show-de-margareth-menezes-com-ivete-sangalo-na-ribeira","status":"publish","type":"post","link":"https:\/\/blogs.correio24horas.com.br\/mesalte\/maria-rita-cancela-participacao-no-show-de-margareth-menezes-com-ivete-sangalo-na-ribeira\/","title":{"rendered":"Maria Rita cancela participa\u00e7\u00e3o no show de Margareth Menezes com Ivete Sangalo na Ribeira"},"content":{"rendered":"<p>A cantora Maria Rita <a href=\"http:\/\/www.correio24horas.com.br\/blogs\/mesalte\/ivete-sangalo-e-maria-rita-vao-participar-de-show-de-margareth-menezes-domingo-12\/\" target=\"_blank\">n\u00e3o vai mais se apresentar neste domingo (12) em Salvador<\/a>. Ela seria uma das convidadas de Margareth Menezes para o encerramento das atividades deste ver\u00e3o do Mercado Ia\u00f4 junto com Ivete Sangalo, que est\u00e1 confirmada como participa\u00e7\u00e3o no show. Segundo a produ\u00e7\u00e3o do evento &#8220;motivos de for\u00e7a maior&#8221; levaram Maria Rita a cancelar a participa\u00e7\u00e3o. Os motivos, contudo, n\u00e3o foram divulgados.<\/p>\n<p>A \u00faltima edi\u00e7\u00e3o do evento tamb\u00e9m tem como atra\u00e7\u00e3o o ator Jackson Costa fazendo uma homenagem a Riach\u00e3o, com a participa\u00e7\u00e3o do pr\u00f3prio compositor, \u00e0 \u00a0s 16h30, na abertura do palco principal. No Galp\u00e3o das Artes, das 15 \u00e0 \u00a0s 17 horas, Riach\u00e3o tamb\u00e9m \u00e9 homenageado como personagem do primeiro livro da cantora V\u00e2nia Abreu, Eu e meu lugar, lan\u00e7amento da cole\u00e7\u00e3o infantojuvenil Eu vim da Bahia, que ganha tarde de aut\u00f3grafo promovido editora pela Caramur\u00ea.<\/p>\n<p>Este ano, sob o comando de Margareth Menezes, todos os domingos o palco principal recebeu convidados especiais, como Maria Beth\u00e2nia, Moraes Moreira, Davi Moraes, Elba Ramalho, Flavia Wenceslau, Chico Cesar, Lazzo, Ganhadeiras de Itapu\u00e3, Carla Visi, Ju Moraes,, Carlinhos Brown, Larissa Luz, M\u00e1rcia Short.<\/p>\n<p><strong>Aten\u00e7\u00e3o aos ingressos<\/strong><br \/>\nO evento tem entrada franca das 10 horas at\u00e9 \u00e0 \u00a0s 15 horas, ap\u00f3s este per\u00edodo ser\u00e1 cobrado R$ 5,00 (meia) e R$ 10,00 (inteira). N\u00e3o haver\u00e1 venda antecipada e cada pessoa pagar\u00e1 o seu convite em dinheiro na entrada. A arrecada\u00e7\u00e3o ser\u00e1 revertida para a manuten\u00e7\u00e3o do mercado, que tem como principal objetivo fomentar a cultura na Pen\u00ednsula de Itapagipe, atrav\u00e9s do incentivo ao empreendedorismo e do resgate da identidade cultural da Bahia.\u00c2\u00a0O\u00c2\u00a0Mercado IA\u00d4 \u00e9 realizado com patroc\u00ednio \u00e9 da Vivo e do Governo do Estado, atrav\u00e9s do Fazcultura, Secretaria da Fazenda e Secretaria de Cultura do Estado da Bahia\u009d. O evento conta com o apoio da Rede Camppi, Rede Educare, Detran, Coelba, Hotel Sheraton, e Prefeitura de Salvador.<\/p>\n<p>&nbsp;<\/p>\n<p><strong>SERVI\u00c7O<\/strong><br \/>\nMercado Ia\u00f4<br \/>\nLocal: Antiga F\u00e1brica de Linhos Nossa Senhora de F\u00e1tima (\u00c3\u0081rea externa) &#8211; Pra\u00e7a General Oz\u00f3rio, n\u00ba 33, Ribeira;<br \/>\nQuando: Dia 12\/02<br \/>\nAtra\u00e7\u00e3o: Ivete Sangalo<br \/>\nHor\u00e1rio de funcionamento: das 10h \u00e0 \u00a0s 20h<br \/>\nEntrada franca: das 10 \u00e0 \u00a0s 15 horas;<br \/>\nValor: R$05 (meia) e R$10 (inteira), a partir das 15h;<br \/>\nSite: mercadoiao.org.br;<br \/>\nRedes Sociais: www.facebook.com\/MercadoIao.<\/p>\n","protected":false},"excerpt":{"rendered":"<p>A cantora Maria Rita n\u00e3o vai mais se apresentar neste domingo (12) em Salvador. Ela seria uma das convidadas de Margareth Menezes para o encerramento das [&hellip;]<\/p>\n","protected":false},"author":1,"featured_media":9704,"comment_status":"open","ping_status":"open","sticky":false,"template":"","format":"image","meta":{"footnotes":""},"categories":[16],"tags":[950],"class_list":["post-9703","post","type-post","status-publish","format-image","has-post-thumbnail","hentry","category-me-jogo","tag-ivete-sangalo-iao","post_format-post-format-image"],"_links":{"self":[{"href":"https:\/\/blogs.correio24horas.com.br\/mesalte\/wp-json\/wp\/v2\/posts\/9703","targetHints":{"allow":["GET"]}}],"collection":[{"href":"https:\/\/blogs.correio24horas.com.br\/mesalte\/wp-json\/wp\/v2\/posts"}],"about":[{"href":"https:\/\/blogs.correio24horas.com.br\/mesalte\/wp-json\/wp\/v2\/types\/post"}],"author":[{"embeddable":true,"href":"https:\/\/blogs.correio24horas.com.br\/mesalte\/wp-json\/wp\/v2\/users\/1"}],"replies":[{"embeddable":true,"href":"https:\/\/blogs.correio24horas.com.br\/mesalte\/wp-json\/wp\/v2\/comments?post=9703"}],"version-history":[{"count":5,"href":"https:\/\/blogs.correio24horas.com.br\/mesalte\/wp-json\/wp\/v2\/posts\/9703\/revisions"}],"predecessor-version":[{"id":9718,"href":"https:\/\/blogs.correio24horas.com.br\/mesalte\/wp-json\/wp\/v2\/posts\/9703\/revisions\/9718"}],"wp:featuredmedia":[{"embeddable":true,"href":"https:\/\/blogs.correio24horas.com.br\/mesalte\/wp-json\/wp\/v2\/media\/9704"}],"wp:attachment":[{"href":"https:\/\/blogs.correio24horas.com.br\/mesalte\/wp-json\/wp\/v2\/media?parent=9703"}],"wp:term":[{"taxonomy":"category","embeddable":true,"href":"https:\/\/blogs.correio24horas.com.br\/mesalte\/wp-json\/wp\/v2\/categories?post=9703"},{"taxonomy":"post_tag","embeddable":true,"href":"https:\/\/blogs.correio24horas.com.br\/mesalte\/wp-json\/wp\/v2\/tags?post=9703"}],"curies":[{"name":"wp","href":"https:\/\/api.w.org\/{rel}","templated":true}]}}