{"id":9699,"date":"2017-02-07T13:05:28","date_gmt":"2017-02-07T16:05:28","guid":{"rendered":"http:\/\/www.correio24horas.com.br\/blogs\/mesalte\/?p=9699"},"modified":"2017-02-07T13:05:46","modified_gmt":"2017-02-07T16:05:46","slug":"bailarina-do-faustao-fica-noiva-no-topo-da-pedra-bonita-no-rio","status":"publish","type":"post","link":"https:\/\/blogs.correio24horas.com.br\/mesalte\/bailarina-do-faustao-fica-noiva-no-topo-da-pedra-bonita-no-rio\/","title":{"rendered":"Bailarina do Faust\u00e3o fica noiva no topo da Pedra Bonita, no Rio"},"content":{"rendered":"<p>A bailarina Karina Barros, do Bal\u00e9 do Faust\u00e3o, pediu a namorada, Camila, em casamento, no topo da Pedra Bonita, localizada no Parque Nacional da Tijuca, no Rio. &#8220;Eu planejei tudo&#8221;, contou ela ao Gshow. &#8220;Comprei as alian\u00e7as e contei apenas para um amigo, que foi com a gente e me ajudou a fazer tudo&#8221;.<\/p>\n<p>O local escolhido tem tudo a ver com o casal. &#8220;O lugar \u00e9 especial para n\u00f3s&#8221;, afirmou. &#8220;Ela gosta muito de escalar, de fazer trilha, e \u00e9 apaixonada pela Pedra da G\u00e1vea. E a Pedra Bonita fica justamente de frente para a da G\u00e1vea, tendo toda a vista de fundo.&#8221;<br \/>\nMesmo tendo apenas 19 anos, Karina garante que n\u00e3o teve d\u00favidas da decis\u00e3o e que sua atitude foi muito bem pensada. &#8220;Sou muito nova, mas encontrei uma pessoa especial e n\u00e3o poderia deixar isso passar&#8221;, avaliou. &#8220;A gente j\u00e1 mora junto. Ent\u00e3o foi uma decis\u00e3o bem f\u00e1cil. A gente j\u00e1 sabe que a nossa conviv\u00eancia \u00e9 boa&#8221;.<\/p>\n<p><img loading=\"lazy\" decoding=\"async\" class=\"aligncenter size-full wp-image-9701\" src=\"http:\/\/www.correio24horas.com.br\/blogs\/mesalte\/wp-content\/uploads\/2017\/02\/karina.jpg\" alt=\"karina\" width=\"640\" height=\"960\" srcset=\"https:\/\/blogs.correio24h.com.br\/mesalte\/wp-content\/uploads\/2017\/02\/karina.jpg 640w, https:\/\/blogs.correio24h.com.br\/mesalte\/wp-content\/uploads\/2017\/02\/karina-200x300.jpg 200w, https:\/\/blogs.correio24h.com.br\/mesalte\/wp-content\/uploads\/2017\/02\/karina-97x146.jpg 97w, https:\/\/blogs.correio24h.com.br\/mesalte\/wp-content\/uploads\/2017\/02\/karina-33x50.jpg 33w, https:\/\/blogs.correio24h.com.br\/mesalte\/wp-content\/uploads\/2017\/02\/karina-50x75.jpg 50w\" sizes=\"auto, (max-width: 640px) 100vw, 640px\" \/><br \/>\nSegundo a bailarina, familiares e amigos das duas comemoraram a novidade. &#8220;Os meus amigos amaram quando souberam&#8221;, disse. &#8220;E meus pais ficaram preocupados, mas gostaram muito, porque confiam no nosso relacionamento e sabem o quanto ela me faz feliz&#8221;.<\/p>\n<p>Karina e Camila se conheceram numa balada e depois descobriram que estavam na mesma turma na faculdade. &#8220;A gente \u00e9 mais da vibe natureba, s\u00f3 que numa sexta-feira eu resolvi ir para uma balada e a gente se viu&#8221;, contou. &#8220;Eu tinha ido s\u00f3 na inten\u00e7\u00e3o de dan\u00e7ar mesmo e a gente n\u00e3o ficou. Na segunda-feira, no primeiro dia de aula da faculdade, ela estava na minha sala. Realmente era para ser&#8221;. Natural de Volta Redonda (RJ), Karina estreou no Bal\u00e9 do Faust\u00e3o em abril de 2016. Na \u00e9poca, ela tinha apenas 18 anos e se tornou a ca\u00e7ula do elenco do programa.<\/p>\n","protected":false},"excerpt":{"rendered":"<p>A bailarina Karina Barros, do Bal\u00e9 do Faust\u00e3o, pediu a namorada, Camila, em casamento, no topo da Pedra Bonita, localizada no Parque Nacional da Tijuca, no [&hellip;]<\/p>\n","protected":false},"author":2,"featured_media":9700,"comment_status":"open","ping_status":"open","sticky":false,"template":"","format":"image","meta":{"footnotes":""},"categories":[28,80],"tags":[],"class_list":["post-9699","post","type-post","status-publish","format-image","has-post-thumbnail","hentry","category-farofa-digital","category-home","post_format-post-format-image"],"_links":{"self":[{"href":"https:\/\/blogs.correio24horas.com.br\/mesalte\/wp-json\/wp\/v2\/posts\/9699","targetHints":{"allow":["GET"]}}],"collection":[{"href":"https:\/\/blogs.correio24horas.com.br\/mesalte\/wp-json\/wp\/v2\/posts"}],"about":[{"href":"https:\/\/blogs.correio24horas.com.br\/mesalte\/wp-json\/wp\/v2\/types\/post"}],"author":[{"embeddable":true,"href":"https:\/\/blogs.correio24horas.com.br\/mesalte\/wp-json\/wp\/v2\/users\/2"}],"replies":[{"embeddable":true,"href":"https:\/\/blogs.correio24horas.com.br\/mesalte\/wp-json\/wp\/v2\/comments?post=9699"}],"version-history":[{"count":1,"href":"https:\/\/blogs.correio24horas.com.br\/mesalte\/wp-json\/wp\/v2\/posts\/9699\/revisions"}],"predecessor-version":[{"id":9702,"href":"https:\/\/blogs.correio24horas.com.br\/mesalte\/wp-json\/wp\/v2\/posts\/9699\/revisions\/9702"}],"wp:featuredmedia":[{"embeddable":true,"href":"https:\/\/blogs.correio24horas.com.br\/mesalte\/wp-json\/wp\/v2\/media\/9700"}],"wp:attachment":[{"href":"https:\/\/blogs.correio24horas.com.br\/mesalte\/wp-json\/wp\/v2\/media?parent=9699"}],"wp:term":[{"taxonomy":"category","embeddable":true,"href":"https:\/\/blogs.correio24horas.com.br\/mesalte\/wp-json\/wp\/v2\/categories?post=9699"},{"taxonomy":"post_tag","embeddable":true,"href":"https:\/\/blogs.correio24horas.com.br\/mesalte\/wp-json\/wp\/v2\/tags?post=9699"}],"curies":[{"name":"wp","href":"https:\/\/api.w.org\/{rel}","templated":true}]}}