{"id":9697,"date":"2017-02-08T08:14:41","date_gmt":"2017-02-08T11:14:41","guid":{"rendered":"http:\/\/www.correio24horas.com.br\/blogs\/mesalte\/?p=9697"},"modified":"2017-02-11T21:05:25","modified_gmt":"2017-02-12T00:05:25","slug":"banda-vingadora-anima-san-sebastian-nesta-sexta-10-e-fala-sobre-publico-lgbt-fas-fieis","status":"publish","type":"post","link":"https:\/\/blogs.correio24horas.com.br\/mesalte\/banda-vingadora-anima-san-sebastian-nesta-sexta-10-e-fala-sobre-publico-lgbt-fas-fieis\/","title":{"rendered":"Banda Vingadora anima San Sebastian nesta sexta (10) e fala sobre p\u00fablico LGBT: &#8220;f\u00e3s fi\u00e9is&#8221;"},"content":{"rendered":"<p>A banda Vingadora \u00c2\u00a0&#8211; aquela do Pared\u00e3o Metralhadora e que agora est\u00e1 com o hit Calcanhar de Prego &#8211; vai meter dan\u00e7a nesta sexta-feira (10) na San Sebastian com o show da Vingadora e convidados. A cantora Thays Reis promete levar ao p\u00fablico traz seus principais hits esurpresas durante a apresenta\u00e7\u00e3o, que promete ser um aquecimento para o Carnaval de Salvador.<\/p>\n<p><img loading=\"lazy\" decoding=\"async\" class=\"aligncenter size-large wp-image-9710\" src=\"http:\/\/www.correio24horas.com.br\/blogs\/mesalte\/wp-content\/uploads\/2017\/02\/Tays-1024x683.jpg\" alt=\"Tays no clipe de Calcanhar de Prego\" width=\"1024\" height=\"683\" srcset=\"https:\/\/blogs.correio24h.com.br\/mesalte\/wp-content\/uploads\/2017\/02\/Tays-1024x683.jpg 1024w, https:\/\/blogs.correio24h.com.br\/mesalte\/wp-content\/uploads\/2017\/02\/Tays-300x200.jpg 300w, https:\/\/blogs.correio24h.com.br\/mesalte\/wp-content\/uploads\/2017\/02\/Tays-768x512.jpg 768w, https:\/\/blogs.correio24h.com.br\/mesalte\/wp-content\/uploads\/2017\/02\/Tays-219x146.jpg 219w, https:\/\/blogs.correio24h.com.br\/mesalte\/wp-content\/uploads\/2017\/02\/Tays-50x33.jpg 50w, https:\/\/blogs.correio24h.com.br\/mesalte\/wp-content\/uploads\/2017\/02\/Tays-113x75.jpg 113w\" sizes=\"auto, (max-width: 1024px) 100vw, 1024px\" \/><\/p>\n<p>Ano passado, ela cantou na Parada LGBT do Rio de Janeiro. Em conversa com a <a href=\"http:\/\/www.correio24horas.com.br\/single-carnaval\/noticia\/o-peito-e-meu-porque-foi-eu-que-patrocinei-declara-tays-reis\/?cHash=b6241fc7ff9bc9dc9ef70a990e6a20c4\" target=\"_blank\">jornalista Giuliana Mancini, da coluna Vip do jornal CORREIO<\/a>, ela afirmou que sempre cativou os f\u00e3s LGBTs. &#8220;Desde o in\u00edcio da banda a gente tem um p\u00fablico muito grande em rela\u00e7\u00e3o aos LGBTs. S\u00e3o pessoas que acompanham mesmo a gente. S\u00e3o f\u00e3s fieis, de redes sociais, cartazes, de show, de camisa. Inclusive, a maioria dos donos dos nossos f\u00e3-clubes s\u00e3o a galera LGBT, eles que comandam. Claro que eu n\u00e3o ia ficar de fora de uma festa dessa. \u00c9 uma festa linda, que quando eu recebi o convite fiquei super feliz. Feliz pela grandiosidade do que era e de eu estar l\u00e1 participando, representando. Depois disso, acho que temos mais de 1 milh\u00e3o de LGBT seguindo a gente. Amo muito, de paix\u00e3o. Nos meus shows, eles que animam, que ficam na frente do palco, fazendo aquela festa. \u00c9 muito massa, muito verdadeiro&#8221;, falou Tays lembrando da parada do Rio de Janeiro quando vestiu figurino da<a href=\"http:\/\/www.correio24horas.com.br\/blogs\/mesalte\/vocalista-da-banda-vingadora-usara-figurino-da-drag-ferah-sunshine-na-parada-lgbt-do-rio-de-janeiro\/\" target=\"_blank\"> drag queen Ferah Sunshine.<\/a><\/p>\n<p>&nbsp;<\/p>\n<p>Ah, para quem quer lacrar mais na San no s\u00e1bado (11) tem a\u00c2\u00a0tradicional Blessed que leva o melhor da m\u00fasica eletr\u00f4nica para a casa. O DJ Julio Doutor, do Rio de Janeiro, \u00e9 o convidado desta edi\u00e7\u00e3o e ser\u00e1 recebido pelos residentes Anne Louise e Sandro Reis.<\/p>\n<p><strong>Servi\u00e7o:<\/strong><br \/>\n<strong>Vingadora e Convidados<\/strong><br \/>\n10 de fevereiro (sexta-feira), 23h59<br \/>\nAtra\u00e7\u00e3o: Banda Vingadora<br \/>\nIngressos: R$ 35<br \/>\nAceita cart\u00f5es<\/p>\n<p><strong>Blessed com Julio Doutor (RJ)<\/strong><br \/>\n11 de fevereiro (s\u00e1bado), 23h59<br \/>\nDJs: Julio Doutor, Anne Louise e Sandro Reis<br \/>\nIngressos: R$ 35<br \/>\nAceita cart\u00f5es<\/p>\n","protected":false},"excerpt":{"rendered":"<p>A banda Vingadora \u00c2\u00a0&#8211; aquela do Pared\u00e3o Metralhadora e que agora est\u00e1 com o hit Calcanhar de Prego &#8211; vai meter dan\u00e7a nesta sexta-feira (10) na [&hellip;]<\/p>\n","protected":false},"author":1,"featured_media":9711,"comment_status":"open","ping_status":"open","sticky":false,"template":"","format":"image","meta":{"footnotes":""},"categories":[16],"tags":[953,952],"class_list":["post-9697","post","type-post","status-publish","format-image","has-post-thumbnail","hentry","category-me-jogo","tag-calcanhar-de-prego","tag-vingadora","post_format-post-format-image"],"_links":{"self":[{"href":"https:\/\/blogs.correio24horas.com.br\/mesalte\/wp-json\/wp\/v2\/posts\/9697","targetHints":{"allow":["GET"]}}],"collection":[{"href":"https:\/\/blogs.correio24horas.com.br\/mesalte\/wp-json\/wp\/v2\/posts"}],"about":[{"href":"https:\/\/blogs.correio24horas.com.br\/mesalte\/wp-json\/wp\/v2\/types\/post"}],"author":[{"embeddable":true,"href":"https:\/\/blogs.correio24horas.com.br\/mesalte\/wp-json\/wp\/v2\/users\/1"}],"replies":[{"embeddable":true,"href":"https:\/\/blogs.correio24horas.com.br\/mesalte\/wp-json\/wp\/v2\/comments?post=9697"}],"version-history":[{"count":2,"href":"https:\/\/blogs.correio24horas.com.br\/mesalte\/wp-json\/wp\/v2\/posts\/9697\/revisions"}],"predecessor-version":[{"id":9712,"href":"https:\/\/blogs.correio24horas.com.br\/mesalte\/wp-json\/wp\/v2\/posts\/9697\/revisions\/9712"}],"wp:featuredmedia":[{"embeddable":true,"href":"https:\/\/blogs.correio24horas.com.br\/mesalte\/wp-json\/wp\/v2\/media\/9711"}],"wp:attachment":[{"href":"https:\/\/blogs.correio24horas.com.br\/mesalte\/wp-json\/wp\/v2\/media?parent=9697"}],"wp:term":[{"taxonomy":"category","embeddable":true,"href":"https:\/\/blogs.correio24horas.com.br\/mesalte\/wp-json\/wp\/v2\/categories?post=9697"},{"taxonomy":"post_tag","embeddable":true,"href":"https:\/\/blogs.correio24horas.com.br\/mesalte\/wp-json\/wp\/v2\/tags?post=9697"}],"curies":[{"name":"wp","href":"https:\/\/api.w.org\/{rel}","templated":true}]}}