{"id":9674,"date":"2017-02-06T09:53:57","date_gmt":"2017-02-06T12:53:57","guid":{"rendered":"http:\/\/www.correio24horas.com.br\/blogs\/mesalte\/?p=9674"},"modified":"2017-03-03T09:33:36","modified_gmt":"2017-03-03T12:33:36","slug":"trio-as-travestis-distribuira-30-mil-preservativos-no-nordeste-de-amaralina","status":"publish","type":"post","link":"https:\/\/blogs.correio24horas.com.br\/mesalte\/trio-as-travestis-distribuira-30-mil-preservativos-no-nordeste-de-amaralina\/","title":{"rendered":"Trio &#8220;As Travestis&#8221; distribuir\u00e1 30 mil preservativos no Nordeste de Amaralina"},"content":{"rendered":"<p>Conscientiza\u00e7\u00e3o pelo uso da camisinha e muito alegria dar\u00e3o o tom do desfile do trio el\u00e9trico As Travestis na quarta-feira (22 de fevereiro) no bairro do Nordeste de Amaralina. Este ano, o trio far\u00e1 a distribui\u00e7\u00e3o de mais de 30 mil preservativos durante o desfile no circuito Mestre Bimba no carnaval da regi\u00e3o do Nordeste de Amaralina.<\/p>\n<p>O desfile \u00e9 organizado pelo Grupo LGBT Laleska D&#8217; Capri e conta com apoio do Me Salte, Site Dois Ter\u00e7os, Site Nordesteeusou e Institui\u00e7\u00e3o Beneficente Concei\u00e7\u00e3o Macedo (IBCM). O bloco ter\u00e1 com padrinho o vereador Suica, madrinha a deputada Fab\u00edola Mansur e como rainha a l\u00edder comunit\u00e1ria Aline Silva. A decora\u00e7\u00e3o ser\u00e1 feita com o apoio da empresa Diego Mauricio Produ\u00e7\u00f5es e Eventos.<\/p>\n<p>&#8220;O trio tem como objetivo fazer um trabalho de preven\u00e7\u00e3o \u00e0 \u00a0s doen\u00e7as sexualmente transmiss\u00edveis e trazer visibilidade \u00e0 \u00a0s pessoas transexuais e travestis principalmente por ser uma regi\u00e3o pr\u00f3xima do local de atua\u00e7\u00e3o de muitas profissionais do sexo. \u00c2\u00a0O trio tamb\u00e9m vai homenagear Lasleka d&#8221; Capri que foi assassinada na Amaralina, no ano de 2004, quando foi criada a data de Celebra\u00e7\u00e3o da Visibilidade Trans&#8221;, conta Paulett Furac\u00e3o, ativista de direitos humanos com forte atua\u00e7\u00e3o na regi\u00e3o.<\/p>\n<p>&nbsp;<\/p>\n","protected":false},"excerpt":{"rendered":"<p>Conscientiza\u00e7\u00e3o pelo uso da camisinha e muito alegria dar\u00e3o o tom do desfile do trio el\u00e9trico As Travestis na quarta-feira (22 de fevereiro) no bairro do [&hellip;]<\/p>\n","protected":false},"author":1,"featured_media":9675,"comment_status":"open","ping_status":"open","sticky":false,"template":"","format":"image","meta":{"footnotes":""},"categories":[16],"tags":[946],"class_list":["post-9674","post","type-post","status-publish","format-image","has-post-thumbnail","hentry","category-me-jogo","tag-mesaltenafolia","post_format-post-format-image"],"_links":{"self":[{"href":"https:\/\/blogs.correio24horas.com.br\/mesalte\/wp-json\/wp\/v2\/posts\/9674","targetHints":{"allow":["GET"]}}],"collection":[{"href":"https:\/\/blogs.correio24horas.com.br\/mesalte\/wp-json\/wp\/v2\/posts"}],"about":[{"href":"https:\/\/blogs.correio24horas.com.br\/mesalte\/wp-json\/wp\/v2\/types\/post"}],"author":[{"embeddable":true,"href":"https:\/\/blogs.correio24horas.com.br\/mesalte\/wp-json\/wp\/v2\/users\/1"}],"replies":[{"embeddable":true,"href":"https:\/\/blogs.correio24horas.com.br\/mesalte\/wp-json\/wp\/v2\/comments?post=9674"}],"version-history":[{"count":3,"href":"https:\/\/blogs.correio24horas.com.br\/mesalte\/wp-json\/wp\/v2\/posts\/9674\/revisions"}],"predecessor-version":[{"id":9678,"href":"https:\/\/blogs.correio24horas.com.br\/mesalte\/wp-json\/wp\/v2\/posts\/9674\/revisions\/9678"}],"wp:featuredmedia":[{"embeddable":true,"href":"https:\/\/blogs.correio24horas.com.br\/mesalte\/wp-json\/wp\/v2\/media\/9675"}],"wp:attachment":[{"href":"https:\/\/blogs.correio24horas.com.br\/mesalte\/wp-json\/wp\/v2\/media?parent=9674"}],"wp:term":[{"taxonomy":"category","embeddable":true,"href":"https:\/\/blogs.correio24horas.com.br\/mesalte\/wp-json\/wp\/v2\/categories?post=9674"},{"taxonomy":"post_tag","embeddable":true,"href":"https:\/\/blogs.correio24horas.com.br\/mesalte\/wp-json\/wp\/v2\/tags?post=9674"}],"curies":[{"name":"wp","href":"https:\/\/api.w.org\/{rel}","templated":true}]}}