{"id":9646,"date":"2017-02-04T19:07:43","date_gmt":"2017-02-04T22:07:43","guid":{"rendered":"http:\/\/www.correio24horas.com.br\/blogs\/mesalte\/?p=9646"},"modified":"2017-02-04T19:07:43","modified_gmt":"2017-02-04T22:07:43","slug":"jovem-revela-para-avo-que-e-bissexual-ganha-presente-e-post-viraliza","status":"publish","type":"post","link":"https:\/\/blogs.correio24horas.com.br\/mesalte\/jovem-revela-para-avo-que-e-bissexual-ganha-presente-e-post-viraliza\/","title":{"rendered":"Jovem revela para av\u00f3 que \u00e9 bissexual, ganha presente e post viraliza"},"content":{"rendered":"<p>O momento de revelar para a fam\u00edlia a orienta\u00e7\u00e3o sexual \u00e9 um dos momentos mais tensos para muita gente principalmente pelo medo das rea\u00e7\u00f5es e consequ\u00eancias. A holandesa Suna Huls \u00c2\u00a0decidiu compartilhar com a av\u00f3 que era bissexual e acabou sendo surpreendida por um presente super fofo:\u00c2\u00a0a\u00c2\u00a0vov\u00f3 deu de presente um casaco de tric\u00f4 feito a m\u00e3o com o desenho de um arco-\u00edris, o s\u00edmbolo atrelado ao movimento LGBT.<\/p>\n<p>A jovem postou a foto de seu presente nas redes e a imagem viralizou. &#8220;H\u00e1 algumas semanas eu contei a minha av\u00f3 que eu sou bissexual e ela me deu isso. Minha av\u00f3 me fez um su\u00e9ter de arco-\u00edris&#8221;, escreveu Suna na postagem.\u00c2\u00a0Em entrevista ao site Pink News, Suna Huls contou sobre a repercuss\u00e3o. &#8220;Eu n\u00e3o fazia ideia que a foto ia receber tanta aten\u00e7\u00e3o. Eu fiquei muito feliz, porque eu tenho que mostrar ao mundo como minha av\u00f3 \u00e9 incr\u00edvel!&#8221;<\/p>\n<blockquote><p><strong>&#8220;Eu n\u00e3o tinha id\u00e9ia de como ela iria reagir. Mas eu sabia que ela me amava muito e eu meio que esperava que ela apoiasse. Eu tive que explicar a ela o que significava. Ela realmente n\u00e3o sabe muito sobre a comunidade LGBT. Agora eu posso ser finalmente eu mesma&#8221;, acrescentou a jovem na entrevista.\u00c2\u00a0<\/strong><\/p><\/blockquote>\n","protected":false},"excerpt":{"rendered":"<p>O momento de revelar para a fam\u00edlia a orienta\u00e7\u00e3o sexual \u00e9 um dos momentos mais tensos para muita gente principalmente pelo medo das rea\u00e7\u00f5es e consequ\u00eancias. [&hellip;]<\/p>\n","protected":false},"author":1,"featured_media":9647,"comment_status":"open","ping_status":"open","sticky":false,"template":"","format":"image","meta":{"footnotes":""},"categories":[80,9],"tags":[939,43],"class_list":["post-9646","post","type-post","status-publish","format-image","has-post-thumbnail","hentry","category-home","category-me-orgulho","tag-bissexual","tag-lgbt","post_format-post-format-image"],"_links":{"self":[{"href":"https:\/\/blogs.correio24horas.com.br\/mesalte\/wp-json\/wp\/v2\/posts\/9646","targetHints":{"allow":["GET"]}}],"collection":[{"href":"https:\/\/blogs.correio24horas.com.br\/mesalte\/wp-json\/wp\/v2\/posts"}],"about":[{"href":"https:\/\/blogs.correio24horas.com.br\/mesalte\/wp-json\/wp\/v2\/types\/post"}],"author":[{"embeddable":true,"href":"https:\/\/blogs.correio24horas.com.br\/mesalte\/wp-json\/wp\/v2\/users\/1"}],"replies":[{"embeddable":true,"href":"https:\/\/blogs.correio24horas.com.br\/mesalte\/wp-json\/wp\/v2\/comments?post=9646"}],"version-history":[{"count":1,"href":"https:\/\/blogs.correio24horas.com.br\/mesalte\/wp-json\/wp\/v2\/posts\/9646\/revisions"}],"predecessor-version":[{"id":9648,"href":"https:\/\/blogs.correio24horas.com.br\/mesalte\/wp-json\/wp\/v2\/posts\/9646\/revisions\/9648"}],"wp:featuredmedia":[{"embeddable":true,"href":"https:\/\/blogs.correio24horas.com.br\/mesalte\/wp-json\/wp\/v2\/media\/9647"}],"wp:attachment":[{"href":"https:\/\/blogs.correio24horas.com.br\/mesalte\/wp-json\/wp\/v2\/media?parent=9646"}],"wp:term":[{"taxonomy":"category","embeddable":true,"href":"https:\/\/blogs.correio24horas.com.br\/mesalte\/wp-json\/wp\/v2\/categories?post=9646"},{"taxonomy":"post_tag","embeddable":true,"href":"https:\/\/blogs.correio24horas.com.br\/mesalte\/wp-json\/wp\/v2\/tags?post=9646"}],"curies":[{"name":"wp","href":"https:\/\/api.w.org\/{rel}","templated":true}]}}