{"id":9302,"date":"2017-01-27T07:35:44","date_gmt":"2017-01-27T10:35:44","guid":{"rendered":"http:\/\/www.correio24horas.com.br\/blogs\/mesalte\/?p=9302"},"modified":"2017-01-31T10:49:59","modified_gmt":"2017-01-31T13:49:59","slug":"cri-o-homem-e-o-tempo-tem-apresentacoes-neste-final-de-semana-no-teatro-sobre-rodas-estado-dramatico","status":"publish","type":"post","link":"https:\/\/blogs.correio24horas.com.br\/mesalte\/cri-o-homem-e-o-tempo-tem-apresentacoes-neste-final-de-semana-no-teatro-sobre-rodas-estado-dramatico\/","title":{"rendered":"CRI \u201c o homem e o tempo tem apresenta\u00e7\u00f5es neste final de semana"},"content":{"rendered":"<p>O Teatro Sobre Rodas do Grupo Estado Dram\u00e1tico\u00c2\u00a0deu uma esticadinha na temporada do espet\u00e1culo \u00c2\u00a0CRI \u201c o homem e o tempo\u009d, que tem dire\u00e7\u00e3o de Mauricio Assun\u00e7\u00e3o e elenco formado por Ricardo Fagundes e Benin Ortiz. As apresenta\u00e7\u00f5es acontecem s\u00e1bado e domingo \u00e0 \u00a0s 18h, na \u00e1rea externa do Espa\u00e7o Cultural da Barroquinha. O acesso\u00c2\u00a0\u00e9 livre. Ou seja, voc\u00ea paga quando achar justo na sa\u00edda do espet\u00e1culo. \u00c2\u00a0e t\u00eam entrada franca e sa\u00edda consciente\u009d \u201c pague o que lhe for justo.<\/p>\n<p>CRI \u201c o homem e o tempo\u009d \u00e9 uma adapta\u00e7\u00e3o livre do livro \u02dcO Profeta\u2122 de Khalil Gibran, que apresenta a vida de Cri, um s\u00e1bio que reflete e questiona os conceitos de beleza, amor, raz\u00e3o, paix\u00e3o, liberdade, trabalho, filhos, relacionamentos, morte e o tempo. No espet\u00e1culo a hist\u00f3ria de vida de Cri, desde sua concep\u00e7\u00e3o at\u00e9 sua morte, \u00e9 contada e vivida por dois narradores-personagens, interpretados por Ricardo Fagundes e Benin Ortiz, que se metamorfoseiam entre seres reais e fant\u00e1sticos e se utilizam do teatro f\u00edsico.<\/p>\n<p>O Teatro Sobre Rodas marca uma nova fase do Grupo Estado Dram\u00e1tico, que busca ampliar o alcance de suas pesquisas e produ\u00e7\u00f5es se valendo da mobilidade da carreta teatro. A proposta \u00e9 oferecer ao p\u00fablico um repert\u00f3rio de diferentes espet\u00e1culos ao longo do dia nos mais diversos espa\u00e7os de Salvador e outras localidades. A carreta-teatro possui um palco de 4m x 4m com um sistema de cortinas retr\u00e1teis que cria uma semi-arena de 270\u00ba, possibilitando uma ampla vis\u00e3o dos espet\u00e1culos; al\u00e9m de som e ilumina\u00e7\u00e3o pr\u00f3prios que funcionam, inclusive, em locais onde n\u00e3o h\u00e1 energia el\u00e9trica.<\/p>\n<p><strong>FICHA T\u00c9CNICA<\/strong><br \/>\nDire\u00e7\u00e3o e roteiro: Mauricio Assun\u00e7\u00e3o<br \/>\nInterpreta\u00e7\u00e3o: Benin Ortiz e Ricardo Fagundes<br \/>\nM\u00fasica: Emerson Cabral e Cassius Cardozo<br \/>\nFigurino e maquiagem: Rino Carvalho<br \/>\nCostureira: Ang\u00e9lica Paix\u00e3o<br \/>\nAulas de dan\u00e7a: Joc\u00e9lia Freire<br \/>\nProdu\u00e7\u00e3o e Comunica\u00e7\u00e3o: Ariela Dedigo<br \/>\nCenot\u00e9cnia: Roberto Batista<br \/>\nRealiza\u00e7\u00e3o: Grupo Estado Dram\u00e1tico<br \/>\nDura\u00e7\u00e3o: 50min<br \/>\nClassifica\u00e7\u00e3o: Livre<\/p>\n<p><strong>SERVI\u00c7O<\/strong><br \/>\nData: 28 e 29 de janeiro<br \/>\nHor\u00e1rio: 18h<br \/>\nLocal: Teatro Sobre Rodas Estado Dram\u00e1tico, no p\u00e1tio do Centro Cultural da Barroquinha<br \/>\nIngressos: Entrada franca, sa\u00edda consciente\u009d \u201c pague o que lhe for justo<\/p>\n","protected":false},"excerpt":{"rendered":"<p>O Teatro Sobre Rodas do Grupo Estado Dram\u00e1tico\u00c2\u00a0deu uma esticadinha na temporada do espet\u00e1culo \u00c2\u00a0CRI \u201c o homem e o tempo\u009d, que tem dire\u00e7\u00e3o de Mauricio [&hellip;]<\/p>\n","protected":false},"author":1,"featured_media":9304,"comment_status":"open","ping_status":"open","sticky":false,"template":"","format":"image","meta":{"footnotes":""},"categories":[16],"tags":[170,131],"class_list":["post-9302","post","type-post","status-publish","format-image","has-post-thumbnail","hentry","category-me-jogo","tag-salvador","tag-teatro","post_format-post-format-image"],"_links":{"self":[{"href":"https:\/\/blogs.correio24horas.com.br\/mesalte\/wp-json\/wp\/v2\/posts\/9302","targetHints":{"allow":["GET"]}}],"collection":[{"href":"https:\/\/blogs.correio24horas.com.br\/mesalte\/wp-json\/wp\/v2\/posts"}],"about":[{"href":"https:\/\/blogs.correio24horas.com.br\/mesalte\/wp-json\/wp\/v2\/types\/post"}],"author":[{"embeddable":true,"href":"https:\/\/blogs.correio24horas.com.br\/mesalte\/wp-json\/wp\/v2\/users\/1"}],"replies":[{"embeddable":true,"href":"https:\/\/blogs.correio24horas.com.br\/mesalte\/wp-json\/wp\/v2\/comments?post=9302"}],"version-history":[{"count":2,"href":"https:\/\/blogs.correio24horas.com.br\/mesalte\/wp-json\/wp\/v2\/posts\/9302\/revisions"}],"predecessor-version":[{"id":9306,"href":"https:\/\/blogs.correio24horas.com.br\/mesalte\/wp-json\/wp\/v2\/posts\/9302\/revisions\/9306"}],"wp:featuredmedia":[{"embeddable":true,"href":"https:\/\/blogs.correio24horas.com.br\/mesalte\/wp-json\/wp\/v2\/media\/9304"}],"wp:attachment":[{"href":"https:\/\/blogs.correio24horas.com.br\/mesalte\/wp-json\/wp\/v2\/media?parent=9302"}],"wp:term":[{"taxonomy":"category","embeddable":true,"href":"https:\/\/blogs.correio24horas.com.br\/mesalte\/wp-json\/wp\/v2\/categories?post=9302"},{"taxonomy":"post_tag","embeddable":true,"href":"https:\/\/blogs.correio24horas.com.br\/mesalte\/wp-json\/wp\/v2\/tags?post=9302"}],"curies":[{"name":"wp","href":"https:\/\/api.w.org\/{rel}","templated":true}]}}