{"id":9296,"date":"2017-01-27T07:13:48","date_gmt":"2017-01-27T10:13:48","guid":{"rendered":"http:\/\/www.correio24horas.com.br\/blogs\/mesalte\/?p=9296"},"modified":"2017-01-31T10:50:16","modified_gmt":"2017-01-31T13:50:16","slug":"confira-programacao-de-eventos-em-salvador-pelo-dia-da-visibilidade-trans","status":"publish","type":"post","link":"https:\/\/blogs.correio24horas.com.br\/mesalte\/confira-programacao-de-eventos-em-salvador-pelo-dia-da-visibilidade-trans\/","title":{"rendered":"Confira programa\u00e7\u00e3o de eventos em Salvador pelo dia da Visibilidade Trans"},"content":{"rendered":"<p>Em alus\u00e3o ao Dia Nacional da Visibilidade Trans, que \u00e9 comemorado todo 29 de janeiro, acontecer\u00e1 em Salvador at\u00e9 domingo (29) uma s\u00e9rie de eventos e a\u00e7\u00f5es. A data \u00e9 celebrada desde 2004 quando, pela primeira vez, o Minist\u00e9rio da Sa\u00fade fez uma campanha dirigidos \u00e0 \u00a0 popula\u00e7\u00e3o de travestis.<\/p>\n<p>Um dos eventos \u00e9 o #oCUpaDINHA pela Visibilidade Trans* que ter\u00e1 diversos artistas e coletivos que far\u00e3o atos e interven\u00e7\u00f5es art\u00edsticas em prol dos direitos humanos no Largo de Dinha, no Rio Vermelho. O evento come\u00e7a \u00e0 \u00a0s 19h. O evento \u00e9 gratuito. <strong><a href=\"http:\/\/www.correio24horas.com.br\/blogs\/mesalte\/largo-da-dinha-recebe-ocupacao-pela-visibilidade-trans\/\" target=\"_blank\">(saiba mais sobre o evento)<\/a><\/strong> No evento, ainda ter\u00e1 um bazar Bapho: um close de amor.\u00c2\u00a0A proposta nasceu de uma iniciativa coletiva de estudantes e professores ap\u00f3s identificarem a exist\u00eancia de alunxs LGBTs que, por diversas raz\u00f5es, podem estar precisando de roupas.\u00c2\u00a0Ap\u00f3s a coleta das roupas, o grupo organizar\u00e1 bazares em diferentes espa\u00e7os da Universidade Federal da Bahia para que LGBTs, especialmente pessoas trans, possam adquirir roupas gratuitamente. As roupas ser\u00e3o coletadas\u00c2\u00a0\u00c2\u00a0at\u00e9 abril de 2017.<\/p>\n<p>Primeira mulher trans do Brasil a prestar servi\u00e7o em uma Secretaria de Pol\u00edticas para as Mulheres (SPM), Millena Passos tem uma hist\u00f3ria de vida forte e ligada \u00e0 \u00a0 milit\u00e2ncia e resist\u00eancia. Nesta sexta-feira (27) ela ir\u00e1 compartilhar sua hist\u00f3ria em uma roda de conversa e amostra de filme das 14h \u00e0 \u00a0s 16h na sede do Grupo Gay da Bahia no Pelourinho.\u00c2\u00a0\u00c2\u00a0O evento Um Nome para chamar de MEU pelo direito \u00e1 retifica\u00e7\u00e3o do nome civil sem condicionantes receber\u00e1 tamb\u00e9m exposi\u00e7\u00f5es de momentos hist\u00f3ricos do movimento de travestis e transexuais da Bahia. \u00c2\u00a0Mais informa\u00e7\u00f5es pelo 71 992335663<\/p>\n<p>O coletivo<a href=\"http:\/\/www.correio24horas.com.br\/blogs\/mesalte\/confira-programacao-da-semana-da-visibilidade-trans-que-acontecera-no-teatro-gregorio-de-mattos\/\" target=\"_blank\"> De Transs Pra Frente<\/a> est\u00e1 preparando uma programa\u00e7\u00e3o variada que discutir\u00e1 a sa\u00fade, direito, arte, resist\u00eancia e ativismo trans e travesti no Teatro Greg\u00f3rio de Mattos, em Salvador, entre os dias 27 e 29 de janeiro.\u00c2\u00a0A Semana da Visibilidade Trans ter\u00e1 cursos, oficinas, workshops, palestras, mesas redondas, apresenta\u00e7\u00f5es musicais e muito ativismo trans da melhor qualidade, e tendo como protagonistas homens e mulheres trans, travestis e trans n\u00e3o-bin\u00e1ries, provocando discuss\u00f5es, questionamentos e levando informa\u00e7\u00f5es de maneira descomplicada e n\u00e3o estereotipada.\u00c2\u00a0Quanto? Pague quanto puder.<\/p>\n<p><strong>Programa\u00e7\u00e3o do De Transs Pra Frente<\/strong><br \/>\n27\/01<br \/>\n14h \u201c 17h30 Oficina de Numerologia (facilitadora: Andr\u00e9a Magnoni)<br \/>\n18h \u201c 19h Abertura: Pocket Show com V\u00e9rcia e a Banda Muriquins, participa\u00e7\u00e3o especial de Th\u00e9o Meireles, Theo Gon\u00e7alves e Caic Tiben.<br \/>\n19h \u201c 20h40 Palestra Despatologiza\u00e7\u00e3o Trans e Travesti\u009d (palestrante: Viviane Vergueiro)<\/p>\n<p>28\/01<br \/>\n14h -16h Oficina de Autoaplica\u00e7\u00e3o Hormonal com o Dr. Fernando Meira<br \/>\n16h \u201c 18h Workshop sobre Retifica\u00e7\u00e3o de Documentos com a Dr\u00aa. Eva Rodrigues, defensora p\u00fablica e os homens trans Bruno Santana e Jo\u00e3o Hugo.<br \/>\n18h30 \u201c 20h40 Mesa \u201c Inf\u00e2ncia e Adolesc\u00eancia Trans e Travesti\u009d (Mediadora: Viviane Vergueiro)<\/p>\n<p>29\/01<br \/>\n14h \u201c 17h Oficina de Ginecologia para Homens Trans\u009d e Automaquiagem para Mulheres Trans e Travestis\u009d<br \/>\n18h \u201c 19h Modelos Trans e Travestis desfilam o lan\u00e7amento da marca Rainha Loulou Couture e homens trans desfilam trajes da grife Katuka Africanidades.<br \/>\n19h \u201c 20h40 Mesa \u201c Tensionando a Cisgeneridade a partir da Visibilidade Trans e Travesti\u009d (Mediador: Diego Nascimento)<\/p>\n<p>&nbsp;<\/p>\n<p><strong>Sabe de mais algum outro evento que vai rolar? Comenta aqui nesse post?!<\/strong><\/p>\n","protected":false},"excerpt":{"rendered":"<p>Em alus\u00e3o ao Dia Nacional da Visibilidade Trans, que \u00e9 comemorado todo 29 de janeiro, acontecer\u00e1 em Salvador at\u00e9 domingo (29) uma s\u00e9rie de eventos e [&hellip;]<\/p>\n","protected":false},"author":1,"featured_media":6032,"comment_status":"open","ping_status":"open","sticky":false,"template":"","format":"image","meta":{"footnotes":""},"categories":[11,16],"tags":[903,869,50,844],"class_list":["post-9296","post","type-post","status-publish","format-image","has-post-thumbnail","hentry","category-me-informo","category-me-jogo","tag-identidade-trans","tag-ocupadinha","tag-trans","tag-visibilidade-trans","post_format-post-format-image"],"_links":{"self":[{"href":"https:\/\/blogs.correio24horas.com.br\/mesalte\/wp-json\/wp\/v2\/posts\/9296","targetHints":{"allow":["GET"]}}],"collection":[{"href":"https:\/\/blogs.correio24horas.com.br\/mesalte\/wp-json\/wp\/v2\/posts"}],"about":[{"href":"https:\/\/blogs.correio24horas.com.br\/mesalte\/wp-json\/wp\/v2\/types\/post"}],"author":[{"embeddable":true,"href":"https:\/\/blogs.correio24horas.com.br\/mesalte\/wp-json\/wp\/v2\/users\/1"}],"replies":[{"embeddable":true,"href":"https:\/\/blogs.correio24horas.com.br\/mesalte\/wp-json\/wp\/v2\/comments?post=9296"}],"version-history":[{"count":3,"href":"https:\/\/blogs.correio24horas.com.br\/mesalte\/wp-json\/wp\/v2\/posts\/9296\/revisions"}],"predecessor-version":[{"id":9324,"href":"https:\/\/blogs.correio24horas.com.br\/mesalte\/wp-json\/wp\/v2\/posts\/9296\/revisions\/9324"}],"wp:featuredmedia":[{"embeddable":true,"href":"https:\/\/blogs.correio24horas.com.br\/mesalte\/wp-json\/wp\/v2\/media\/6032"}],"wp:attachment":[{"href":"https:\/\/blogs.correio24horas.com.br\/mesalte\/wp-json\/wp\/v2\/media?parent=9296"}],"wp:term":[{"taxonomy":"category","embeddable":true,"href":"https:\/\/blogs.correio24horas.com.br\/mesalte\/wp-json\/wp\/v2\/categories?post=9296"},{"taxonomy":"post_tag","embeddable":true,"href":"https:\/\/blogs.correio24horas.com.br\/mesalte\/wp-json\/wp\/v2\/tags?post=9296"}],"curies":[{"name":"wp","href":"https:\/\/api.w.org\/{rel}","templated":true}]}}