{"id":9259,"date":"2017-01-26T08:01:08","date_gmt":"2017-01-26T11:01:08","guid":{"rendered":"http:\/\/www.correio24horas.com.br\/blogs\/mesalte\/?p=9259"},"modified":"2017-01-26T08:01:08","modified_gmt":"2017-01-26T11:01:08","slug":"estudantes-da-unijorge-poderao-usar-o-nome-social-em-2017","status":"publish","type":"post","link":"https:\/\/blogs.correio24horas.com.br\/mesalte\/estudantes-da-unijorge-poderao-usar-o-nome-social-em-2017\/","title":{"rendered":"Estudantes da Unijorge poder\u00e3o usar o nome social em 2017"},"content":{"rendered":"<p>A partir deste semestre, \u00c2\u00a0alunxs da Unijorge poder\u00e3o usar o nome social na matr\u00edcula. Com\u00c2\u00a0isso, e seguindo o que j\u00e1 acontece em outras organiza\u00e7\u00f5es e institui\u00e7\u00f5es em\u00c2\u00a0alinhamento com o decreto <a href=\"http:\/\/www.planalto.gov.br\/ccivil_03\/_Ato2015-2018\/2016\/Decreto\/D8727.htm\" target=\"_blank\">N\u00ba 8727\/2016<\/a>\u00c2\u00a0\u00c2\u00a0, as pessoas cujos nomes civis\u00c2\u00a0n\u00e3o reflitam adequadamente sua identidade de g\u00eanero, ter\u00e3o o direito de incluir nos registros acad\u00eamicos o seu nome social. \u00c2\u00a0H\u00e1 algum tempo, recebemos alunos que demandavam o uso e reconhecimento do nome social institucionalmente. Nossa primeira medida foi orientar os professores quanto \u00e0 \u00a0 ado\u00e7\u00e3o do nome que expressa a identidade social de g\u00eanero do estudante, promovendo um ambiente de respeito e acolhimento da diversidade\u009d,\u00c2\u00a0 diz a\u00c2\u00a0coordenadora do N\u00facleo de Acessibilidade e Inclus\u00e3o da Unijorge, Ana Terse.<\/p>\n<p><img loading=\"lazy\" decoding=\"async\" class=\"aligncenter size-large wp-image-9260\" src=\"http:\/\/www.correio24horas.com.br\/blogs\/mesalte\/wp-content\/uploads\/2017\/01\/DEcreto-1024x551.jpg\" alt=\"DEcreto\" width=\"1024\" height=\"551\" srcset=\"https:\/\/blogs.correio24h.com.br\/mesalte\/wp-content\/uploads\/2017\/01\/DEcreto-1024x551.jpg 1024w, https:\/\/blogs.correio24h.com.br\/mesalte\/wp-content\/uploads\/2017\/01\/DEcreto-300x161.jpg 300w, https:\/\/blogs.correio24h.com.br\/mesalte\/wp-content\/uploads\/2017\/01\/DEcreto-768x413.jpg 768w, https:\/\/blogs.correio24h.com.br\/mesalte\/wp-content\/uploads\/2017\/01\/DEcreto-260x140.jpg 260w, https:\/\/blogs.correio24h.com.br\/mesalte\/wp-content\/uploads\/2017\/01\/DEcreto-50x27.jpg 50w, https:\/\/blogs.correio24h.com.br\/mesalte\/wp-content\/uploads\/2017\/01\/DEcreto-139x75.jpg 139w, https:\/\/blogs.correio24h.com.br\/mesalte\/wp-content\/uploads\/2017\/01\/DEcreto.jpg 1429w\" sizes=\"auto, (max-width: 1024px) 100vw, 1024px\" \/><\/p>\n<p>O uso ou a altera\u00e7\u00e3o do nome social poder\u00e1 ser solicitado pelo estudante no Portal do Aluno, ap\u00f3s a matr\u00edcula e a qualquer momento ao longo do seu curso. A pessoa\u00c2\u00a0dever\u00e1 anexar uma solicita\u00e7\u00e3o manual ou documento comprobat\u00f3rio para altera\u00e7\u00e3o. Num prazo de at\u00e9 cinco dias, segundo a Unijorge, \u00c2\u00a0a Ger\u00eancia Acad\u00eamica efetuar\u00e1 a altera\u00e7\u00e3o no sistema e, a partir de ent\u00e3o, a pessoa ter\u00e1 seu Nome Social inserido nos documentos institucionais, como a carteira estudantil, a lista de presen\u00e7a, avalia\u00e7\u00f5es nominais, entre outros. A exce\u00e7\u00e3o ser\u00e1 apenas no Diploma e hist\u00f3rico oficial, que, por lei, devem ser emitidos com o nome civil.<\/p>\n","protected":false},"excerpt":{"rendered":"<p>A partir deste semestre, \u00c2\u00a0alunxs da Unijorge poder\u00e3o usar o nome social na matr\u00edcula. Com\u00c2\u00a0isso, e seguindo o que j\u00e1 acontece em outras organiza\u00e7\u00f5es e institui\u00e7\u00f5es [&hellip;]<\/p>\n","protected":false},"author":1,"featured_media":0,"comment_status":"open","ping_status":"open","sticky":false,"template":"","format":"image","meta":{"footnotes":""},"categories":[80,11],"tags":[907],"class_list":["post-9259","post","type-post","status-publish","format-image","hentry","category-home","category-me-informo","tag-unijorge","post_format-post-format-image"],"_links":{"self":[{"href":"https:\/\/blogs.correio24horas.com.br\/mesalte\/wp-json\/wp\/v2\/posts\/9259","targetHints":{"allow":["GET"]}}],"collection":[{"href":"https:\/\/blogs.correio24horas.com.br\/mesalte\/wp-json\/wp\/v2\/posts"}],"about":[{"href":"https:\/\/blogs.correio24horas.com.br\/mesalte\/wp-json\/wp\/v2\/types\/post"}],"author":[{"embeddable":true,"href":"https:\/\/blogs.correio24horas.com.br\/mesalte\/wp-json\/wp\/v2\/users\/1"}],"replies":[{"embeddable":true,"href":"https:\/\/blogs.correio24horas.com.br\/mesalte\/wp-json\/wp\/v2\/comments?post=9259"}],"version-history":[{"count":1,"href":"https:\/\/blogs.correio24horas.com.br\/mesalte\/wp-json\/wp\/v2\/posts\/9259\/revisions"}],"predecessor-version":[{"id":9261,"href":"https:\/\/blogs.correio24horas.com.br\/mesalte\/wp-json\/wp\/v2\/posts\/9259\/revisions\/9261"}],"wp:attachment":[{"href":"https:\/\/blogs.correio24horas.com.br\/mesalte\/wp-json\/wp\/v2\/media?parent=9259"}],"wp:term":[{"taxonomy":"category","embeddable":true,"href":"https:\/\/blogs.correio24horas.com.br\/mesalte\/wp-json\/wp\/v2\/categories?post=9259"},{"taxonomy":"post_tag","embeddable":true,"href":"https:\/\/blogs.correio24horas.com.br\/mesalte\/wp-json\/wp\/v2\/tags?post=9259"}],"curies":[{"name":"wp","href":"https:\/\/api.w.org\/{rel}","templated":true}]}}