{"id":9249,"date":"2017-01-27T10:49:24","date_gmt":"2017-01-27T13:49:24","guid":{"rendered":"http:\/\/www.correio24horas.com.br\/blogs\/mesalte\/?p=9249"},"modified":"2017-01-28T13:07:48","modified_gmt":"2017-01-28T16:07:48","slug":"renato-magnoni-43-anos-de-luto","status":"publish","type":"post","link":"https:\/\/blogs.correio24horas.com.br\/mesalte\/renato-magnoni-43-anos-de-luto\/","title":{"rendered":"Renato Magnoni, 43 anos de luto"},"content":{"rendered":"<p><em>Por Andr\u00e9a Magnoni*<\/em><\/p>\n<p><strong>Z: Mas eu sou sua m\u00e3e, te lavei quando voc\u00ea era pequena&#8230; voc\u00ea \u00e9 mulher!\u009d<\/strong><\/p>\n<p><strong>R: N\u00e3o sou m\u00e3e, eu sou homem, me sinto homem!\u009d<\/strong><\/p>\n<p>Quando minha m\u00e3e lembrou desse di\u00e1logo travado entre minha av\u00f3 e meu tio l\u00e1 nos idos de 73, o pano caiu e deixou \u00e0 \u00a0 mostra uma hist\u00f3ria que tinha tudo para ficar enterrada junto com ele&#8230; mas eu resolvi abrir a caixa de Pandora e meu tio Renato saiu do arm\u00e1rio\u009d postumamente.<\/p>\n<p>Eu j\u00e1 pesquisava a transgeneridade, sempre mexeu muito comigo, assim como a hist\u00f3ria dessa prov\u00e1vel tia l\u00e9sbica\u009d que se envenenara por um amor n\u00e3o correspondido. Dizia-se haver uma carta de despedida, o que n\u00e3o se falava \u00e9 que ele j\u00e1 bradava aos 4 cantos que se chamava Renato e que assinou a tal carta assim. Dizia-se que ele se vestia e bebia como os irm\u00e3os homens, s\u00f3 n\u00e3o se contou que ele teve as roupas \u00edntimas retiradas num momento de embriaguez, para se verificar se estava nascendo um p\u00eanis no lugar da vagina, de tanto que ele dizia ser homem. Dizia-se que ele era calado, s\u00f3 n\u00e3o disseram que ele perdeu a voz um m\u00eas antes de sua morte e que em seu vel\u00f3rio um conhecido disse: Nesse caix\u00e3o est\u00e3o indo dois!\u009d. Esse homem sabia, mas n\u00e3o contou quem estuprou o meu tio, vilip\u00eandio esse que o levou ao envenenamento.<\/p>\n<p><strong><a href=\"http:\/\/www.correio24horas.com.br\/blogs\/mesalte\/identidadetrans\/\" target=\"_blank\">Confira o especial Identidade Trans e saiba mais sobre pessoas transexuais e travestis<\/a><\/strong><\/p>\n<p>A carta de despedida tinha um \u00faltimo desejo: ser enterrado com roupas masculinas, mas o enterraram de noiva! E assim como viveu tendo seu g\u00eanero e nome verdadeiros negados, assim foi ap\u00f3s sua morte. O interessante \u00e9 que 20 anos depois, ao exumarem seu corpo n\u00e3o encontraram nem sinal do vestido branco, mas a roupa preta que havia sido dobrada e colocada dentro do caix\u00e3o, estava intacta! Em sua l\u00e1pide, al\u00e9m de seu nome verdadeiro faltou o epit\u00e1fio: Aqui jaz um homem!\u009d.<\/p>\n<p>Eu e minhas primas abrimos as feridas transf\u00f3bicas da fam\u00edlia, ganhei insultos de quem preferia que a hist\u00f3ria tivesse ficado no passado, mas optei por fazer disso poesia, exposi\u00e7\u00f5es, palestras, a\u00e7\u00f5es, e at\u00e9 document\u00e1rio com Susan Kalik rolou! Cores e Flores para Tita\u009d foi contemplado no edital Arte em Toda Parte da Funda\u00e7\u00e3o Greg\u00f3rio de Mattos e esteve em cartaz de maio a julho de 2016 no teatro hom\u00f4nimo; levamos tamb\u00e9m para Cuiab\u00e1\/MT e Alagoinhas\/BA e voltar\u00e1 em breve a Salvador no Aldeia Coletivo C\u00eanico. O projeto e a exposi\u00e7\u00e3o s\u00e3o um manifesto pela vida e um protesto contra o t\u00edtulo de primeiro lugar em assassinatos de pessoas trans e travestis, que o Brasil tem.<\/p>\n<div id=\"attachment_9251\" style=\"width: 310px\" class=\"wp-caption alignleft\"><img loading=\"lazy\" decoding=\"async\" aria-describedby=\"caption-attachment-9251\" class=\"wp-image-9251 size-medium\" src=\"http:\/\/www.correio24horas.com.br\/blogs\/mesalte\/wp-content\/uploads\/2017\/01\/Andr\u00e9aMagnoniquadrada-300x300.jpg\" alt=\"A foto-ativista Andr\u00e9a Magnoni luta contra a transfobia\" width=\"300\" height=\"300\" srcset=\"https:\/\/blogs.correio24h.com.br\/mesalte\/wp-content\/uploads\/2017\/01\/Andr\u00e9aMagnoniquadrada-300x300.jpg 300w, https:\/\/blogs.correio24h.com.br\/mesalte\/wp-content\/uploads\/2017\/01\/Andr\u00e9aMagnoniquadrada-150x150.jpg 150w, https:\/\/blogs.correio24h.com.br\/mesalte\/wp-content\/uploads\/2017\/01\/Andr\u00e9aMagnoniquadrada-768x768.jpg 768w, https:\/\/blogs.correio24h.com.br\/mesalte\/wp-content\/uploads\/2017\/01\/Andr\u00e9aMagnoniquadrada-1024x1024.jpg 1024w, https:\/\/blogs.correio24h.com.br\/mesalte\/wp-content\/uploads\/2017\/01\/Andr\u00e9aMagnoniquadrada-146x146.jpg 146w, https:\/\/blogs.correio24h.com.br\/mesalte\/wp-content\/uploads\/2017\/01\/Andr\u00e9aMagnoniquadrada-50x50.jpg 50w, https:\/\/blogs.correio24h.com.br\/mesalte\/wp-content\/uploads\/2017\/01\/Andr\u00e9aMagnoniquadrada-80x80.jpg 80w, https:\/\/blogs.correio24h.com.br\/mesalte\/wp-content\/uploads\/2017\/01\/Andr\u00e9aMagnoniquadrada-75x75.jpg 75w, https:\/\/blogs.correio24h.com.br\/mesalte\/wp-content\/uploads\/2017\/01\/Andr\u00e9aMagnoniquadrada-85x85.jpg 85w\" sizes=\"auto, (max-width: 300px) 100vw, 300px\" \/><p id=\"caption-attachment-9251\" class=\"wp-caption-text\">A foto-ativista Andr\u00e9a Magnoni luta contra a transfobia<\/p><\/div>\n<p>Renato Magnoni esteve \u00e0 \u00a0 frente de seu tempo, com apenas 15 anos em 1973, sofreu o que meninos e meninas trans sofrem at\u00e9 hoje simplesmente por serem quem s\u00e3o. Meu tio me tornou foto-ativista, me deu amigos e amigas muito especiais pelos quais luto incansavelmente. N\u00f3s cisg\u00eaneros somos em maior n\u00famero, temos que ser escudo e n\u00e3o espada. N\u00e3o existe imparcialidade nessa luta, quem n\u00e3o \u00e9 a favor, tem sangue nas m\u00e3os mesmo em sil\u00eancio, pois o sil\u00eancio tamb\u00e9m mata.<\/p>\n<p><em>*Andr\u00e9a Magnoni tem 42 anos \u00e9 foto-avista com \u00eanfase em g\u00eanero, sexualidade, religi\u00e3o e cultura afrodiasp\u00f3rica, feminista interseccional e filha de Yans\u00e3<\/em><\/p>\n","protected":false},"excerpt":{"rendered":"<p>Por Andr\u00e9a Magnoni* Z: Mas eu sou sua m\u00e3e, te lavei quando voc\u00ea era pequena&#8230; voc\u00ea \u00e9 mulher!\u009d R: N\u00e3o sou m\u00e3e, eu sou homem, me [&hellip;]<\/p>\n","protected":false},"author":4,"featured_media":9469,"comment_status":"open","ping_status":"open","sticky":false,"template":"","format":"image","meta":{"footnotes":""},"categories":[901,902],"tags":[726,905],"class_list":["post-9249","post","type-post","status-publish","format-image","has-post-thumbnail","hentry","category-especiais","category-identidadetrans","tag-andrea-magnoni","tag-renato-magnoni","post_format-post-format-image"],"_links":{"self":[{"href":"https:\/\/blogs.correio24horas.com.br\/mesalte\/wp-json\/wp\/v2\/posts\/9249","targetHints":{"allow":["GET"]}}],"collection":[{"href":"https:\/\/blogs.correio24horas.com.br\/mesalte\/wp-json\/wp\/v2\/posts"}],"about":[{"href":"https:\/\/blogs.correio24horas.com.br\/mesalte\/wp-json\/wp\/v2\/types\/post"}],"author":[{"embeddable":true,"href":"https:\/\/blogs.correio24horas.com.br\/mesalte\/wp-json\/wp\/v2\/users\/4"}],"replies":[{"embeddable":true,"href":"https:\/\/blogs.correio24horas.com.br\/mesalte\/wp-json\/wp\/v2\/comments?post=9249"}],"version-history":[{"count":3,"href":"https:\/\/blogs.correio24horas.com.br\/mesalte\/wp-json\/wp\/v2\/posts\/9249\/revisions"}],"predecessor-version":[{"id":9471,"href":"https:\/\/blogs.correio24horas.com.br\/mesalte\/wp-json\/wp\/v2\/posts\/9249\/revisions\/9471"}],"wp:featuredmedia":[{"embeddable":true,"href":"https:\/\/blogs.correio24horas.com.br\/mesalte\/wp-json\/wp\/v2\/media\/9469"}],"wp:attachment":[{"href":"https:\/\/blogs.correio24horas.com.br\/mesalte\/wp-json\/wp\/v2\/media?parent=9249"}],"wp:term":[{"taxonomy":"category","embeddable":true,"href":"https:\/\/blogs.correio24horas.com.br\/mesalte\/wp-json\/wp\/v2\/categories?post=9249"},{"taxonomy":"post_tag","embeddable":true,"href":"https:\/\/blogs.correio24horas.com.br\/mesalte\/wp-json\/wp\/v2\/tags?post=9249"}],"curies":[{"name":"wp","href":"https:\/\/api.w.org\/{rel}","templated":true}]}}