{"id":9136,"date":"2017-01-19T10:24:38","date_gmt":"2017-01-19T13:24:38","guid":{"rendered":"http:\/\/www.correio24horas.com.br\/blogs\/mesalte\/?p=9136"},"modified":"2017-01-19T10:24:38","modified_gmt":"2017-01-19T13:24:38","slug":"largo-da-dinha-recebe-ocupacao-pela-visibilidade-trans","status":"publish","type":"post","link":"https:\/\/blogs.correio24horas.com.br\/mesalte\/largo-da-dinha-recebe-ocupacao-pela-visibilidade-trans\/","title":{"rendered":"Largo da Dinha recebe ocupa\u00e7\u00e3o pela Visibilidade Trans"},"content":{"rendered":"<p>Em 2017, no dia 29 de janeiro, \u00c2\u00a0se comemora 13 anos de\u00c2\u00a0celebra\u00e7\u00e3o do Dia Nacional da Visibilidade Trans no Brasil. A data \u00e9 um marco da luta das \u00c2\u00a0travestis, homens e mulheres transexuais no Brasil e \u00e9 celebrada desde 2004 quando, pela primeira vez, o\u00c2\u00a0 Minist\u00e9rio da Sa\u00fade fez uma campanha dirigidos \u00e0 \u00a0 popula\u00e7\u00e3o de travestis.\u00c2\u00a0Esse ano, em Salvador, na sexta-feira (27) haver\u00e1 o evento\u00c2\u00a0<strong>#oCUpaDINHA\u00c2\u00a0pela Visibilidade Trans*\u00c2\u00a0<\/strong>que ter\u00e1 diversos artistas e coletivos que far\u00e3o atos e interven\u00e7\u00f5es art\u00edsticas em prol dos direitos humanos. O evento come\u00e7a \u00e0 \u00a0s 19h.<\/p>\n<p>&nbsp;<\/p>\n<p><a href=\"https:\/\/www.facebook.com\/events\/1906457526257306\/\" target=\"_blank\"><strong>Saiba mais informa\u00e7\u00f5es sobre o evento<\/strong><\/a><\/p>\n","protected":false},"excerpt":{"rendered":"<p>Em 2017, no dia 29 de janeiro, \u00c2\u00a0se comemora 13 anos de\u00c2\u00a0celebra\u00e7\u00e3o do Dia Nacional da Visibilidade Trans no Brasil. A data \u00e9 um marco da [&hellip;]<\/p>\n","protected":false},"author":1,"featured_media":9137,"comment_status":"open","ping_status":"open","sticky":false,"template":"","format":"image","meta":{"footnotes":""},"categories":[80,16,9],"tags":[869,50,62],"class_list":["post-9136","post","type-post","status-publish","format-image","has-post-thumbnail","hentry","category-home","category-me-jogo","category-me-orgulho","tag-ocupadinha","tag-trans","tag-travesti","post_format-post-format-image"],"_links":{"self":[{"href":"https:\/\/blogs.correio24horas.com.br\/mesalte\/wp-json\/wp\/v2\/posts\/9136","targetHints":{"allow":["GET"]}}],"collection":[{"href":"https:\/\/blogs.correio24horas.com.br\/mesalte\/wp-json\/wp\/v2\/posts"}],"about":[{"href":"https:\/\/blogs.correio24horas.com.br\/mesalte\/wp-json\/wp\/v2\/types\/post"}],"author":[{"embeddable":true,"href":"https:\/\/blogs.correio24horas.com.br\/mesalte\/wp-json\/wp\/v2\/users\/1"}],"replies":[{"embeddable":true,"href":"https:\/\/blogs.correio24horas.com.br\/mesalte\/wp-json\/wp\/v2\/comments?post=9136"}],"version-history":[{"count":1,"href":"https:\/\/blogs.correio24horas.com.br\/mesalte\/wp-json\/wp\/v2\/posts\/9136\/revisions"}],"predecessor-version":[{"id":9138,"href":"https:\/\/blogs.correio24horas.com.br\/mesalte\/wp-json\/wp\/v2\/posts\/9136\/revisions\/9138"}],"wp:featuredmedia":[{"embeddable":true,"href":"https:\/\/blogs.correio24horas.com.br\/mesalte\/wp-json\/wp\/v2\/media\/9137"}],"wp:attachment":[{"href":"https:\/\/blogs.correio24horas.com.br\/mesalte\/wp-json\/wp\/v2\/media?parent=9136"}],"wp:term":[{"taxonomy":"category","embeddable":true,"href":"https:\/\/blogs.correio24horas.com.br\/mesalte\/wp-json\/wp\/v2\/categories?post=9136"},{"taxonomy":"post_tag","embeddable":true,"href":"https:\/\/blogs.correio24horas.com.br\/mesalte\/wp-json\/wp\/v2\/tags?post=9136"}],"curies":[{"name":"wp","href":"https:\/\/api.w.org\/{rel}","templated":true}]}}