{"id":9079,"date":"2017-01-15T05:01:11","date_gmt":"2017-01-15T08:01:11","guid":{"rendered":"http:\/\/www.correio24horas.com.br\/blogs\/mesalte\/?p=9079"},"modified":"2017-01-16T16:40:35","modified_gmt":"2017-01-16T19:40:35","slug":"alex-igbo-faz-ilustracao-da-semana-da-visibilidade-trans-minha-inspiracao-vem-das-travestis","status":"publish","type":"post","link":"https:\/\/blogs.correio24horas.com.br\/mesalte\/alex-igbo-faz-ilustracao-da-semana-da-visibilidade-trans-minha-inspiracao-vem-das-travestis\/","title":{"rendered":"\u00c0lex \u00ccgb\u00f3 faz ilustra\u00e7\u00e3o da Semana da Visibilidade Trans: &#8220;minha inspira\u00e7\u00e3o vem das travestis&#8221;"},"content":{"rendered":"<p>Entre os dias 27 e 29 acontece a Semana da Visibilidade Trans no Teatro Greg\u00f3rio de Mattos. Para fazer valer a data, at\u00e9 a divulga\u00e7\u00e3o do evento ser\u00e1 feita por um artista transg\u00eanero. \u00c0lex \u00ccgb\u00f3, que tamb\u00e9m \u00e9 educador, conta que a inspira\u00e7\u00e3o para seu trabalho vem das travestis. A informa\u00e7\u00e3o foi divulgada na edi\u00e7\u00e3o deste domingo do <a href=\"http:\/\/www.correio24horas.com.br\/bazar\/\" target=\"_blank\">caderno Bazar no jornal CORREIO<\/a>.<\/p>\n<p><em>Para saber mais sobre a programa\u00e7\u00e3o da semana <a href=\"http:\/\/www.correio24horas.com.br\/blogs\/mesalte\/confira-programacao-da-semana-da-visibilidade-trans-que-acontecera-no-teatro-gregorio-de-mattos\/\" target=\"_blank\">clique aqui\u00c2\u00a0<\/a><\/em><\/p>\n<p>\u00c0lex\u00c2\u00a0come\u00e7ou a desenhar com 10 anos, mas s\u00f3 fui entender o poder da arte j\u00e1 com 23 anos\u009d, diz. A transgeneridade influencia totalmente meu processo criativo, pois foi pesquisando, vendo e convivendo com travestis que me descobri, foi um processo intensamente lindo\u009d, conta, referindo-se \u00e0 \u00a0 rela\u00e7\u00e3o entre sua condi\u00e7\u00e3o e sua produ\u00e7\u00e3o art\u00edstica.<\/p>\n<p><em>Em entrevista ao Me Salte,\u00c2\u00a0\u00c0lex \u00ccgb\u00f3 explica sobre seu processo criativo:\u00c2\u00a0<\/em><\/p>\n<p><strong>Me Salte &#8211; \u00c2\u00a0Quais as suas inspira\u00e7\u00f5es para produ\u00e7\u00e3o da ilustra\u00e7\u00e3o da Semana?<br \/>\n<\/strong><strong>\u00c0lex \u00ccgb\u00f3 &#8211;<\/strong> Minha inspira\u00e7\u00e3o vem das travestis. Em 2010, na parada gay, elas me deixaram intrigado e encantado. Fui para casa com a mente quebrada! Como \u00e9 poss\u00edvel um corpo t\u00e3o h\u00edbrido? Foi a partir da\u00ed que me aprofundei em pesquisa e leituras para saber mais sobre &#8220;elas&#8221;. Nas leituras, eu encontrei depoimento das mesmas, mas a sua imagem ainda era marginalizada. Ent\u00e3o, ao entrar na UFBA, em 2011, no curso de licenciatura em desenho e pl\u00e1stica, comecei a desenvolver um projeto chamado Decifra-me, desconstruir atrav\u00e9s da arte as imagens estereotipadas sobre as travestis.Com esse projeto, tive a oportunidade de participar de um interc\u00e2mbio art\u00edstico na Cidade do M\u00e9xico onde realizei uma performance e pude conhecer as travestis de l\u00e1.<\/p>\n<div id=\"attachment_9081\" style=\"width: 931px\" class=\"wp-caption aligncenter\"><img loading=\"lazy\" decoding=\"async\" aria-describedby=\"caption-attachment-9081\" class=\"size-large wp-image-9081\" src=\"http:\/\/www.correio24horas.com.br\/blogs\/mesalte\/wp-content\/uploads\/2017\/01\/Ilustra\u00ba\u00fao-\u00c7lex-Igb\u00c2\u00a6-921x1024.jpg\" alt=\"\u00c0lex \u00ccgb\u00f3 fez ilustra\u00e7\u00e3o da Semana de Visibilidade que estar\u00e1 em toda divulga\u00e7\u00e3o do evento\" width=\"921\" height=\"1024\" \/><p id=\"caption-attachment-9081\" class=\"wp-caption-text\">\u00c0lex \u00ccgb\u00f3 fez ilustra\u00e7\u00e3o da Semana de Visibilidade que estar\u00e1 em toda divulga\u00e7\u00e3o do evento<\/p><\/div>\n<p><strong>Me Salte &#8211; Desde quando voc\u00ea trabalha com arte?<br \/>\n<\/strong><strong>\u00c0lex \u00ccgb\u00f3 &#8211;<\/strong> Comecei a desenhar com 10 anos. Mas fui entender o poder d\u00e1 Arte j\u00e1 com 23 anos!<\/p>\n<p><strong>Me Salte &#8211; Quais os seus questionamentos com rela\u00e7\u00e3o ao corpo e suas representa\u00e7\u00f5es?<br \/>\n<\/strong><strong>\u00c0lex \u00ccgb\u00f3 &#8211;<\/strong>\u00c2\u00a0 Nesse processo fui me descobrindo tamb\u00e9m. Tivemos uma educa\u00e7\u00e3o muito conservadora onde o corpo \u00e9 o principal alvo de controle. Na arte n\u00e3o existe homem \u00e9 mulher. Existe o ser! E isso ajudou a me compreender, a ouvir meu corpo.<\/p>\n<p><strong>Me Salte -Seus outros trabalhos tamb\u00e9m retratam imagens sobre corpos?<br \/>\n\u00c0lex \u00ccgb\u00f3 &#8211;<\/strong>N\u00e3o trabalho com o corpo para criar pol\u00eamica. A pol\u00eamica existe por causa da ignor\u00e2ncia de n\u00e3o saber viver com a diferen\u00e7a. A arte que fa\u00e7o questiona os padr\u00f5es e mostra que o ser \u00e9 muito mais que masculino ou feminino.<br \/>\n<strong> Me Salte &#8211; O quanto a transgeneridade influencia no seu processo criativo e resultado final das pe\u00e7as?<\/strong><br \/>\n<strong>\u00c0lex \u00ccgb\u00f3 -\u00c2\u00a0<\/strong>A transgeneridade influencia totalmente no meu processo criativo, pois foi pesquisando, vendo e convivendo com as travestis que me descobri, foi um processo intensamente lindo.<\/p>\n","protected":false},"excerpt":{"rendered":"<p>Entre os dias 27 e 29 acontece a Semana da Visibilidade Trans no Teatro Greg\u00f3rio de Mattos. Para fazer valer a data, at\u00e9 a divulga\u00e7\u00e3o do [&hellip;]<\/p>\n","protected":false},"author":1,"featured_media":9080,"comment_status":"open","ping_status":"open","sticky":false,"template":"","format":"image","meta":{"footnotes":""},"categories":[80,9],"tags":[843,50,462,62,844],"class_list":["post-9079","post","type-post","status-publish","format-image","has-post-thumbnail","hentry","category-home","category-me-orgulho","tag-alex-igbo","tag-trans","tag-transgender","tag-travesti","tag-visibilidade-trans","post_format-post-format-image"],"_links":{"self":[{"href":"https:\/\/blogs.correio24horas.com.br\/mesalte\/wp-json\/wp\/v2\/posts\/9079","targetHints":{"allow":["GET"]}}],"collection":[{"href":"https:\/\/blogs.correio24horas.com.br\/mesalte\/wp-json\/wp\/v2\/posts"}],"about":[{"href":"https:\/\/blogs.correio24horas.com.br\/mesalte\/wp-json\/wp\/v2\/types\/post"}],"author":[{"embeddable":true,"href":"https:\/\/blogs.correio24horas.com.br\/mesalte\/wp-json\/wp\/v2\/users\/1"}],"replies":[{"embeddable":true,"href":"https:\/\/blogs.correio24horas.com.br\/mesalte\/wp-json\/wp\/v2\/comments?post=9079"}],"version-history":[{"count":2,"href":"https:\/\/blogs.correio24horas.com.br\/mesalte\/wp-json\/wp\/v2\/posts\/9079\/revisions"}],"predecessor-version":[{"id":9099,"href":"https:\/\/blogs.correio24horas.com.br\/mesalte\/wp-json\/wp\/v2\/posts\/9079\/revisions\/9099"}],"wp:featuredmedia":[{"embeddable":true,"href":"https:\/\/blogs.correio24horas.com.br\/mesalte\/wp-json\/wp\/v2\/media\/9080"}],"wp:attachment":[{"href":"https:\/\/blogs.correio24horas.com.br\/mesalte\/wp-json\/wp\/v2\/media?parent=9079"}],"wp:term":[{"taxonomy":"category","embeddable":true,"href":"https:\/\/blogs.correio24horas.com.br\/mesalte\/wp-json\/wp\/v2\/categories?post=9079"},{"taxonomy":"post_tag","embeddable":true,"href":"https:\/\/blogs.correio24horas.com.br\/mesalte\/wp-json\/wp\/v2\/tags?post=9079"}],"curies":[{"name":"wp","href":"https:\/\/api.w.org\/{rel}","templated":true}]}}