{"id":9072,"date":"2017-01-15T04:06:57","date_gmt":"2017-01-15T07:06:57","guid":{"rendered":"http:\/\/www.correio24horas.com.br\/blogs\/mesalte\/?p=9072"},"modified":"2017-01-16T21:22:50","modified_gmt":"2017-01-17T00:22:50","slug":"daniela-mercury-anima-mercado-iao-ao-lado-de-margareth-menezes","status":"publish","type":"post","link":"https:\/\/blogs.correio24horas.com.br\/mesalte\/daniela-mercury-anima-mercado-iao-ao-lado-de-margareth-menezes\/","title":{"rendered":"Daniela Mercury anima Mercado Ia\u00f4 ao lado de Margareth Menezes"},"content":{"rendered":"<p>Daniela Mercury \u00e9 a convidada especial de Margareth Menezes neste domingo (15), no Mercado IA\u00d4, na Ribeira. Na abertura do palco principal, o ator Jackson Costa apresenta o Sarau do Poeta, resgatando os versos e a musicalidade da Bahia de Caymmi, Greg\u00f3rio, Amado e Castro Alves. J\u00e1 no palquinho, a atra\u00e7\u00e3o \u00e9 o show instrumental de Maur\u00edcio Louren\u00e7o, com participa\u00e7\u00e3o de Alexandre Pessoa. Outra novidade \u00e9 a mudan\u00e7a hor\u00e1rio de entrada franca, que passa para das 10h \u00e0 \u00a0s 15 horas. Ap\u00f3s este per\u00edodo ser\u00e1 cobrado R$ 5,00 (meia) e R$ 10,00 (inteira).<\/p>\n<p>O evento ocupa toda a antiga F\u00e1brica de Linho Nossa Senhora de F\u00e1tima, uma \u00e1rea de 7.000 m\u00c2\u00b2, com espa\u00e7os de gastronomia e o Galp\u00e3o das artes que re\u00fane artesanato, moda, acess\u00f3rios, decora\u00e7\u00e3o e artes pl\u00e1sticas, al\u00e9m de m\u00fasica, teatro, dan\u00e7a, entre outras manifesta\u00e7\u00f5es culturais da Bahia. N\u00e3o haver\u00e1 venda antecipada, apenas na bilheteria no dia do evento. A arrecada\u00e7\u00e3o ser\u00e1 revertida para a manuten\u00e7\u00e3o do mercado, que tem como principal objetivo fomentar a cultura na Pen\u00ednsula de Itapagipe, atrav\u00e9s do incentivo ao empreendedorismo e do resgate da identidade cultural da Bahia.<\/p>\n<p>&nbsp;<br \/>\n<strong>Maga<\/strong><br \/>\nNesta temporada, Margareth Menezes inicia os festejos de anos de 30 carreira, marcada a partir da grava\u00e7\u00e3o da m\u00fasica Fara\u00f3, em 1987. No pr\u00f3ximo dia 27 de janeiro, a cantora abre o projeto Noites Tropicais, no Projeto Tamar, na Praia do Forte. Este show em homenagem aos 50 anos da Tropic\u00e1lia tamb\u00e9m ser\u00e1 apresentado em outras capitais e com convidados especiais no Mercado IA\u00d4 e no Carnaval.<\/p>\n<p><strong>Ciclos<\/strong><br \/>\nUma das principais atra\u00e7\u00f5es do Mercado IA\u00d4 \u00e9 a exposi\u00e7\u00e3o #RECICLOS \u201c A Arte da Reinven\u00e7\u00e3o, inspirada em um dos Objetivo de Desenvolvimento Sustent\u00e1vel (ODS), que \u00e9 o consumo e produ\u00e7\u00e3o respons\u00e1veis. No Galp\u00e3o das Artes, a mostra re\u00fane treze artistas com a proposta de lan\u00e7ar um olhar transformador sobre os res\u00edduos descartados nas ruas e aterros. S\u00e3o embalagens pl\u00e1sticas, garrafas de vidro, pontas de cigarro, placas eletr\u00f4nicas e jornais que ganham novo significado e leitura e instigam a consci\u00eancia cr\u00edtica da sociedade.<\/p>\n<p><strong>Servi\u00e7o<\/strong><br \/>\nMercado Ia\u00f4<br \/>\nLocal: Antiga F\u00e1brica de Linhos Nossa Senhora de F\u00e1tima (\u00c3\u0081rea externa) &#8211; Pra\u00e7a General Oz\u00f3rio, n\u00ba 33, Ribeira;<br \/>\nQuando: Dia 15\/01<br \/>\nAtra\u00e7\u00f5es: Margareth Menezes e\u00c2\u00a0Daniela Mercury<br \/>\nHor\u00e1rio de funcionamento: Das 10h \u00e0 \u00a0s 20h<br \/>\nEntrada franca: Das 10 \u00e0 \u00a0s 15 horas;<br \/>\nValor: R$05 (meia) e R$10 (inteira), a partir das 15h;<br \/>\nSite: mercadoiao.org.br;<br \/>\nRedes Sociais: www.facebook.com\/MercadoIao.<\/p>\n","protected":false},"excerpt":{"rendered":"<p>Daniela Mercury \u00e9 a convidada especial de Margareth Menezes neste domingo (15), no Mercado IA\u00d4, na Ribeira. Na abertura do palco principal, o ator Jackson Costa [&hellip;]<\/p>\n","protected":false},"author":1,"featured_media":8783,"comment_status":"open","ping_status":"open","sticky":false,"template":"","format":"image","meta":{"footnotes":""},"categories":[16],"tags":[837,839,838,840],"class_list":["post-9072","post","type-post","status-publish","format-image","has-post-thumbnail","hentry","category-me-jogo","tag-danielamerc","tag-margareth-menezes","tag-mercado-iao","tag-sorverteria-da-ribeira","post_format-post-format-image"],"_links":{"self":[{"href":"https:\/\/blogs.correio24horas.com.br\/mesalte\/wp-json\/wp\/v2\/posts\/9072","targetHints":{"allow":["GET"]}}],"collection":[{"href":"https:\/\/blogs.correio24horas.com.br\/mesalte\/wp-json\/wp\/v2\/posts"}],"about":[{"href":"https:\/\/blogs.correio24horas.com.br\/mesalte\/wp-json\/wp\/v2\/types\/post"}],"author":[{"embeddable":true,"href":"https:\/\/blogs.correio24horas.com.br\/mesalte\/wp-json\/wp\/v2\/users\/1"}],"replies":[{"embeddable":true,"href":"https:\/\/blogs.correio24horas.com.br\/mesalte\/wp-json\/wp\/v2\/comments?post=9072"}],"version-history":[{"count":1,"href":"https:\/\/blogs.correio24horas.com.br\/mesalte\/wp-json\/wp\/v2\/posts\/9072\/revisions"}],"predecessor-version":[{"id":9073,"href":"https:\/\/blogs.correio24horas.com.br\/mesalte\/wp-json\/wp\/v2\/posts\/9072\/revisions\/9073"}],"wp:featuredmedia":[{"embeddable":true,"href":"https:\/\/blogs.correio24horas.com.br\/mesalte\/wp-json\/wp\/v2\/media\/8783"}],"wp:attachment":[{"href":"https:\/\/blogs.correio24horas.com.br\/mesalte\/wp-json\/wp\/v2\/media?parent=9072"}],"wp:term":[{"taxonomy":"category","embeddable":true,"href":"https:\/\/blogs.correio24horas.com.br\/mesalte\/wp-json\/wp\/v2\/categories?post=9072"},{"taxonomy":"post_tag","embeddable":true,"href":"https:\/\/blogs.correio24horas.com.br\/mesalte\/wp-json\/wp\/v2\/tags?post=9072"}],"curies":[{"name":"wp","href":"https:\/\/api.w.org\/{rel}","templated":true}]}}