{"id":9069,"date":"2017-01-14T09:55:04","date_gmt":"2017-01-14T12:55:04","guid":{"rendered":"http:\/\/www.correio24horas.com.br\/blogs\/mesalte\/?p=9069"},"modified":"2017-01-14T04:02:12","modified_gmt":"2017-01-14T07:02:12","slug":"dj-arthuro-cavalli-fara-apresentacao-em-salvador-na-segunda-edicao-da-festa-bananas-saiba-mais","status":"publish","type":"post","link":"https:\/\/blogs.correio24horas.com.br\/mesalte\/dj-arthuro-cavalli-fara-apresentacao-em-salvador-na-segunda-edicao-da-festa-bananas-saiba-mais\/","title":{"rendered":"DJ Arthuro Cavalli far\u00e1 apresenta\u00e7\u00e3o em Salvador na segunda edi\u00e7\u00e3o da festa Bananas; saiba mais"},"content":{"rendered":"<p>Brasileiro radicado na Irlanda, o DJ Arthuro Cavalli \u00e9 um dos grande nomes da cena eletr\u00f4nica no mundo. Nesta sexta-feira (13) aconteceu em Salvador, na San Sebastian, a primeira edi\u00e7\u00e3o da festa Bananas, criada por ele em Dubli na Irlanda. Depois do sucesso da primeira edi\u00e7\u00e3o, que animou a San at\u00e9 a madrugada deste s\u00e1bado (14), j\u00e1 h\u00e1 uma nova data para a pr\u00f3xima edi\u00e7\u00e3o:\u00c2\u00a017 de fevereiro.<\/p>\n<p>Nesta segunda edi\u00e7\u00e3o da festa o pr\u00f3prio Arthuro ser\u00e1 um dos Djs da noite da festa Bananas, que vem rodando o mundo levando espontaneidade e mistura para as pistas de dan\u00e7a. Cavalli, conhecido por sua forma \u00fanica e perform\u00e1tica de se vestir, \u00e9 integrante do line-up das maiores festas do pa\u00eds europeu, como a Essex e a The Dragon. A festeira Marta Goes, promoter e quituteira, foi a madrinha da primeira edi\u00e7\u00e3o do evento. Ainda n\u00e3o foi definido quem ser\u00e1 a madrinha ou o padrinho da segunda edi\u00e7\u00e3o.<\/p>\n<p>Sinta s\u00f3 o tombo que \u00e9 o Arthuro&gt;&gt;<br \/>\n<iframe loading=\"lazy\" src=\"https:\/\/www.youtube.com\/embed\/k37oKa6M6pQ\" width=\"560\" height=\"315\" frameborder=\"0\" allowfullscreen=\"allowfullscreen\"><\/iframe><\/p>\n","protected":false},"excerpt":{"rendered":"<p>Brasileiro radicado na Irlanda, o DJ Arthuro Cavalli \u00e9 um dos grande nomes da cena eletr\u00f4nica no mundo. Nesta sexta-feira (13) aconteceu em Salvador, na San [&hellip;]<\/p>\n","protected":false},"author":1,"featured_media":9070,"comment_status":"open","ping_status":"open","sticky":false,"template":"","format":"image","meta":{"footnotes":""},"categories":[28,80,16],"tags":[],"class_list":["post-9069","post","type-post","status-publish","format-image","has-post-thumbnail","hentry","category-farofa-digital","category-home","category-me-jogo","post_format-post-format-image"],"_links":{"self":[{"href":"https:\/\/blogs.correio24horas.com.br\/mesalte\/wp-json\/wp\/v2\/posts\/9069","targetHints":{"allow":["GET"]}}],"collection":[{"href":"https:\/\/blogs.correio24horas.com.br\/mesalte\/wp-json\/wp\/v2\/posts"}],"about":[{"href":"https:\/\/blogs.correio24horas.com.br\/mesalte\/wp-json\/wp\/v2\/types\/post"}],"author":[{"embeddable":true,"href":"https:\/\/blogs.correio24horas.com.br\/mesalte\/wp-json\/wp\/v2\/users\/1"}],"replies":[{"embeddable":true,"href":"https:\/\/blogs.correio24horas.com.br\/mesalte\/wp-json\/wp\/v2\/comments?post=9069"}],"version-history":[{"count":1,"href":"https:\/\/blogs.correio24horas.com.br\/mesalte\/wp-json\/wp\/v2\/posts\/9069\/revisions"}],"predecessor-version":[{"id":9071,"href":"https:\/\/blogs.correio24horas.com.br\/mesalte\/wp-json\/wp\/v2\/posts\/9069\/revisions\/9071"}],"wp:featuredmedia":[{"embeddable":true,"href":"https:\/\/blogs.correio24horas.com.br\/mesalte\/wp-json\/wp\/v2\/media\/9070"}],"wp:attachment":[{"href":"https:\/\/blogs.correio24horas.com.br\/mesalte\/wp-json\/wp\/v2\/media?parent=9069"}],"wp:term":[{"taxonomy":"category","embeddable":true,"href":"https:\/\/blogs.correio24horas.com.br\/mesalte\/wp-json\/wp\/v2\/categories?post=9069"},{"taxonomy":"post_tag","embeddable":true,"href":"https:\/\/blogs.correio24horas.com.br\/mesalte\/wp-json\/wp\/v2\/tags?post=9069"}],"curies":[{"name":"wp","href":"https:\/\/api.w.org\/{rel}","templated":true}]}}