{"id":9059,"date":"2017-01-13T15:55:36","date_gmt":"2017-01-13T18:55:36","guid":{"rendered":"http:\/\/www.correio24horas.com.br\/blogs\/mesalte\/?p=9059"},"modified":"2017-01-13T15:55:36","modified_gmt":"2017-01-13T18:55:36","slug":"confira-programacao-da-semana-da-visibilidade-trans-que-acontecera-no-teatro-gregorio-de-mattos","status":"publish","type":"post","link":"https:\/\/blogs.correio24horas.com.br\/mesalte\/confira-programacao-da-semana-da-visibilidade-trans-que-acontecera-no-teatro-gregorio-de-mattos\/","title":{"rendered":"Confira programa\u00e7\u00e3o da semana da Visibilidade Trans que acontecer\u00e1 no Teatro Greg\u00f3rio de Mattos"},"content":{"rendered":"<p>Em alus\u00e3o ao Dia Nacional da Visibilidade Trans, que \u00e9 comemorado todo 29 de janeiro, o coletivo De Transs Pra Frente est\u00e1 preparando uma programa\u00e7\u00e3o variada que discutir\u00e1 a sa\u00fade, direito, arte, resist\u00eancia e ativismo trans e travesti no Teatro Greg\u00f3rio de Mattos, em Salvador, entre os dias 27 e 29 de janeiro.<\/p>\n<p>A Semana da Visibilidade Trans ter\u00e1 cursos, oficinas, workshops, palestras, mesas redondas, apresenta\u00e7\u00f5es musicais e muito ativismo trans da melhor qualidade, e tendo como protagonistas homens e mulheres trans, travestis e trans n\u00e3o-bin\u00e1ries, provocando discuss\u00f5es, questionamentos e levando informa\u00e7\u00f5es de maneira descomplicada e n\u00e3o estereotipada.<\/p>\n<p>Fora do espa\u00e7o do Teatro Greg\u00f3rio de Mattos, haver\u00e1 outras a\u00e7\u00f5es: no dia 22\/01 j\u00e1 est\u00e1 confirmado um curso de Reiki com Andr\u00e9a Magnoni e um Workshop de Defesa Pessoal com Roddolfo Carvalho, acontecer\u00e3o no Ateli\u00ea de Artes da Resid\u00eancia Universit\u00e1ria do Corredor da Vit\u00f3ria. As formativas ser\u00e3o gratuitas para pessoas trans e travestis e ter\u00e3o um valor simb\u00f3lico para as que n\u00e3o s\u00e3o trans.<\/p>\n<p>O De Transs Pra Frente \u00e9 um evento mensal, que acontece desde maio no Teatro Greg\u00f3rio de Mattos e nasceu para suprir a necessidade de se falar das urg\u00eancias do movimento trans e travesti em primeira pessoa, onde pautas como a viol\u00eancia sistem\u00e1tica, constru\u00e7\u00f5es sociais de g\u00eanero, dificuldade de acesso \u00e0 \u00a0 sa\u00fade, educa\u00e7\u00e3o, trabalho e moradia foram discutidos e evidencializados na voz e produ\u00e7\u00e3o de um coletivo composto majoritariamente por pessoas trans e travestis.<\/p>\n<p><strong>Programa\u00e7\u00e3o:<\/strong><br \/>\n<strong>27\/01<\/strong><br \/>\n14h &#8211; 17h30 Oficina de Numerologia (facilitadora: Andr\u00e9a Magnoni)<br \/>\n18h &#8211; 19h Abertura: Pocket Show com V\u00e9rcia e a Banda Muriquins, participa\u00e7\u00e3o especial de Th\u00e9o Meireles, Theo Gon\u00e7alves e Caic Tiben.<br \/>\n19h &#8211; 20h40 Palestra &#8220;Despatologiza\u00e7\u00e3o Trans e Travesti&#8221; (palestrante: Viviane Vergueiro)<\/p>\n<p><strong>28\/01<\/strong><br \/>\n14h -16h Oficina de Autoaplica\u00e7\u00e3o Hormonal com o Dr. Fernando Meira<br \/>\n16h &#8211; 18h Workshop sobre Retifica\u00e7\u00e3o de Documentos com a Dr\u00aa. Eva Rodrigues, defensora p\u00fablica e os homens trans Bruno Santana e Jo\u00e3o Hugo.<br \/>\n18h30 &#8211; 20h40 Mesa &#8211; &#8220;Inf\u00e2ncia e Adolesc\u00eancia Trans e Travesti\u009d (Mediadora: Viviane Vergueiro)<\/p>\n<p><strong>29\/01<\/strong><br \/>\n14h &#8211; 17h Oficina de &#8220;Ginecologia para Homens Trans&#8221; e &#8220;Automaquiagem para Mulheres Trans e Travestis&#8221;<br \/>\n18h &#8211; 19h Modelos Trans e Travestis desfilam o lan\u00e7amento da marca Rainha Loulou Couture e homens trans desfilam trajes da grife Katuka Africanidades.<br \/>\n19h &#8211; 20h40 Mesa \u201c Tensionando a Cisgeneridade a partir da Visibilidade Trans e Travesti&#8221; (Mediador: Diego Nascimento)<\/p>\n<p><strong>SERVI\u00c7O:<\/strong><br \/>\nO qu\u00ea? De Transs Pra Frente na Semana da Visibilidade Trans 2017.<br \/>\nQuando? De 27 a 29\/01\/2017.<br \/>\nOnde? Teatro Greg\u00f3rio de Mattos (Pra\u00e7a Castro Alves).<br \/>\nQuanto? Pague quanto puder.<br \/>\nPara mais informa\u00e7\u00f5es: detranssprafrente@gmail.com<\/p>\n","protected":false},"excerpt":{"rendered":"<p>Em alus\u00e3o ao Dia Nacional da Visibilidade Trans, que \u00e9 comemorado todo 29 de janeiro, o coletivo De Transs Pra Frente est\u00e1 preparando uma programa\u00e7\u00e3o variada [&hellip;]<\/p>\n","protected":false},"author":1,"featured_media":6032,"comment_status":"open","ping_status":"open","sticky":false,"template":"","format":"image","meta":{"footnotes":""},"categories":[80,9],"tags":[],"class_list":["post-9059","post","type-post","status-publish","format-image","has-post-thumbnail","hentry","category-home","category-me-orgulho","post_format-post-format-image"],"_links":{"self":[{"href":"https:\/\/blogs.correio24horas.com.br\/mesalte\/wp-json\/wp\/v2\/posts\/9059","targetHints":{"allow":["GET"]}}],"collection":[{"href":"https:\/\/blogs.correio24horas.com.br\/mesalte\/wp-json\/wp\/v2\/posts"}],"about":[{"href":"https:\/\/blogs.correio24horas.com.br\/mesalte\/wp-json\/wp\/v2\/types\/post"}],"author":[{"embeddable":true,"href":"https:\/\/blogs.correio24horas.com.br\/mesalte\/wp-json\/wp\/v2\/users\/1"}],"replies":[{"embeddable":true,"href":"https:\/\/blogs.correio24horas.com.br\/mesalte\/wp-json\/wp\/v2\/comments?post=9059"}],"version-history":[{"count":2,"href":"https:\/\/blogs.correio24horas.com.br\/mesalte\/wp-json\/wp\/v2\/posts\/9059\/revisions"}],"predecessor-version":[{"id":9061,"href":"https:\/\/blogs.correio24horas.com.br\/mesalte\/wp-json\/wp\/v2\/posts\/9059\/revisions\/9061"}],"wp:featuredmedia":[{"embeddable":true,"href":"https:\/\/blogs.correio24horas.com.br\/mesalte\/wp-json\/wp\/v2\/media\/6032"}],"wp:attachment":[{"href":"https:\/\/blogs.correio24horas.com.br\/mesalte\/wp-json\/wp\/v2\/media?parent=9059"}],"wp:term":[{"taxonomy":"category","embeddable":true,"href":"https:\/\/blogs.correio24horas.com.br\/mesalte\/wp-json\/wp\/v2\/categories?post=9059"},{"taxonomy":"post_tag","embeddable":true,"href":"https:\/\/blogs.correio24horas.com.br\/mesalte\/wp-json\/wp\/v2\/tags?post=9059"}],"curies":[{"name":"wp","href":"https:\/\/api.w.org\/{rel}","templated":true}]}}