{"id":9048,"date":"2017-01-13T09:48:11","date_gmt":"2017-01-13T12:48:11","guid":{"rendered":"http:\/\/www.correio24horas.com.br\/blogs\/mesalte\/?p=9048"},"modified":"2017-01-13T09:48:11","modified_gmt":"2017-01-13T12:48:11","slug":"exclusivo-pabllo-vittar-fara-novo-show-em-salvador-dia-18-de-marco-saiba-mais","status":"publish","type":"post","link":"https:\/\/blogs.correio24horas.com.br\/mesalte\/exclusivo-pabllo-vittar-fara-novo-show-em-salvador-dia-18-de-marco-saiba-mais\/","title":{"rendered":"Exclusivo: Pabllo Vittar far\u00e1 novo show em Salvador dia 18 de mar\u00e7o; saiba mais"},"content":{"rendered":"<p>A drag queen babadeira Pabllo Vittar j\u00e1 tem data marcada para voltar a Salvador. \u00c2\u00a0Informa\u00e7\u00f5es obtidas com exclusividade pelo Me Salte confirmam que a cantora, que na \u00faltima quarta-feira (11) lan\u00e7ou seu novo \u00e1lbum,<a href=\"http:\/\/www.correio24horas.com.br\/blogs\/mesalte\/saiu-o-audio-completo-com-dez-musicas-do-novo-cd-da-drag-pabllo-vittar-ouca\/\" target=\"_blank\"> batizado de Vai Passar Mal\u009d<\/a>, apresentar\u00e1 seus novos singles e sucessos como &#8220;Open Bar&#8221;, no dia 18 de mar\u00e7o, na Amsterdam Salvador.<\/p>\n<p>No novo CD, disponibilizado na \u00edntegra numa playlist do YouTube, Pabllo traz novidades em parceria com Mateus Carrilho da Banda U\u00f3, Rico Dalasam e o DJ e produtor Diplo, respons\u00e1vel pelo \u00faltimo CD de Madonna. Ainda n\u00e3o h\u00e1 informa\u00e7\u00f5es sobre os valores dos ingressos e data de in\u00edcio de vendas.<\/p>\n<p>Se voc\u00ea ainda n\u00e3o decorou todas as m\u00fasicas corre que ainda d\u00e1 tempo para aprender&#8230;<\/p>\n<p><iframe loading=\"lazy\" src=\"https:\/\/www.youtube.com\/embed\/I8etuqRPkhE?list=PLGWidRkDWmbDJChjBtDApU1W_lfI0S5AG\" width=\"560\" height=\"315\" frameborder=\"0\" allowfullscreen=\"allowfullscreen\"><\/iframe><\/p>\n","protected":false},"excerpt":{"rendered":"<p>A drag queen babadeira Pabllo Vittar j\u00e1 tem data marcada para voltar a Salvador. \u00c2\u00a0Informa\u00e7\u00f5es obtidas com exclusividade pelo Me Salte confirmam que a cantora, que [&hellip;]<\/p>\n","protected":false},"author":1,"featured_media":9049,"comment_status":"open","ping_status":"open","sticky":false,"template":"","format":"image","meta":{"footnotes":""},"categories":[28,80,16],"tags":[827,828],"class_list":["post-9048","post","type-post","status-publish","format-image","has-post-thumbnail","hentry","category-farofa-digital","category-home","category-me-jogo","tag-pabllo-vittar","tag-vittarlovers","post_format-post-format-image"],"_links":{"self":[{"href":"https:\/\/blogs.correio24horas.com.br\/mesalte\/wp-json\/wp\/v2\/posts\/9048","targetHints":{"allow":["GET"]}}],"collection":[{"href":"https:\/\/blogs.correio24horas.com.br\/mesalte\/wp-json\/wp\/v2\/posts"}],"about":[{"href":"https:\/\/blogs.correio24horas.com.br\/mesalte\/wp-json\/wp\/v2\/types\/post"}],"author":[{"embeddable":true,"href":"https:\/\/blogs.correio24horas.com.br\/mesalte\/wp-json\/wp\/v2\/users\/1"}],"replies":[{"embeddable":true,"href":"https:\/\/blogs.correio24horas.com.br\/mesalte\/wp-json\/wp\/v2\/comments?post=9048"}],"version-history":[{"count":1,"href":"https:\/\/blogs.correio24horas.com.br\/mesalte\/wp-json\/wp\/v2\/posts\/9048\/revisions"}],"predecessor-version":[{"id":9050,"href":"https:\/\/blogs.correio24horas.com.br\/mesalte\/wp-json\/wp\/v2\/posts\/9048\/revisions\/9050"}],"wp:featuredmedia":[{"embeddable":true,"href":"https:\/\/blogs.correio24horas.com.br\/mesalte\/wp-json\/wp\/v2\/media\/9049"}],"wp:attachment":[{"href":"https:\/\/blogs.correio24horas.com.br\/mesalte\/wp-json\/wp\/v2\/media?parent=9048"}],"wp:term":[{"taxonomy":"category","embeddable":true,"href":"https:\/\/blogs.correio24horas.com.br\/mesalte\/wp-json\/wp\/v2\/categories?post=9048"},{"taxonomy":"post_tag","embeddable":true,"href":"https:\/\/blogs.correio24horas.com.br\/mesalte\/wp-json\/wp\/v2\/tags?post=9048"}],"curies":[{"name":"wp","href":"https:\/\/api.w.org\/{rel}","templated":true}]}}