{"id":9007,"date":"2017-01-11T13:26:09","date_gmt":"2017-01-11T16:26:09","guid":{"rendered":"http:\/\/www.correio24horas.com.br\/blogs\/mesalte\/?p=9007"},"modified":"2017-01-11T13:30:40","modified_gmt":"2017-01-11T16:30:40","slug":"salvador-ganha-novo-espaco-lgbts-no-bairro-de-barra-conheca-o-projeto-a-nau","status":"publish","type":"post","link":"https:\/\/blogs.correio24horas.com.br\/mesalte\/salvador-ganha-novo-espaco-lgbts-no-bairro-de-barra-conheca-o-projeto-a-nau\/","title":{"rendered":"Salvador ganha novo espa\u00e7o LGBTs+ no bairro de Barra; conhe\u00e7a o projeto A NAU"},"content":{"rendered":"<p>Ou\u00e7o sempre as pessoas reclamando que n\u00e3o t\u00eam lugares novos para curtir na cena LGBTs de Salvador. Neste domingo (15) ser\u00e1 lan\u00e7ado um novo projeto que promete abalar as estruturas da cidade e promover a ocupa\u00e7\u00e3o colorida em um bairro tradicional da cidade: a Barra. O bairro sediar\u00e1 a estreia de um espa\u00e7o de\u00c2\u00a0discuss\u00e3o e performance com o lan\u00e7amento \u00c2\u00a0do projeto A NAU \u201c Cultura e Movimento. A primeira edi\u00e7\u00e3o, com realiza\u00e7\u00e3o, sempre aos domingos, no Instituto de L\u00edngua e Cultura BrazilLink, localizado no Beco das Cores, pr\u00f3ximo ao Farol da Barra.<\/p>\n<p>A programa\u00e7\u00e3o come\u00e7a \u00e0 \u00a0s 15 horas, com previs\u00e3o de t\u00e9rmino \u00e0 \u00a0 meia noite. O ingresso para curtir todo o evento tem pre\u00e7o promocional na primeira edi\u00e7\u00e3o e custa R$ 5. \u00c2\u00a0O time de artistas que comp\u00f5em o projeto \u00e9 cheio de gente boa e talentosa. Para idealizar e produzir o projeto de dinamiza\u00e7\u00e3o, Cristina Leifer, atriz e coordenadora cultural do Instituto, convidou os artistas Desir\u00e8 Beck e Malayka, reconhecidas drags com forte atua\u00e7\u00e3o no cen\u00e1rio art\u00edstico da cidade.<\/p>\n<div id=\"attachment_3246\" style=\"width: 693px\" class=\"wp-caption aligncenter\"><img loading=\"lazy\" decoding=\"async\" aria-describedby=\"caption-attachment-3246\" class=\"size-large wp-image-3246\" src=\"http:\/\/www.correio24horas.com.br\/blogs\/mesalte\/wp-content\/uploads\/2016\/04\/DEsiREe-683x1024.jpg\" alt=\"DesiR\u00e9e Beck Foto: Alex Dantas \/Divulga\u00e7\u00e3o\" width=\"683\" height=\"1024\" srcset=\"https:\/\/blogs.correio24h.com.br\/mesalte\/wp-content\/uploads\/2016\/04\/DEsiREe-683x1024.jpg 683w, https:\/\/blogs.correio24h.com.br\/mesalte\/wp-content\/uploads\/2016\/04\/DEsiREe-200x300.jpg 200w, https:\/\/blogs.correio24h.com.br\/mesalte\/wp-content\/uploads\/2016\/04\/DEsiREe-768x1151.jpg 768w, https:\/\/blogs.correio24h.com.br\/mesalte\/wp-content\/uploads\/2016\/04\/DEsiREe-97x146.jpg 97w, https:\/\/blogs.correio24h.com.br\/mesalte\/wp-content\/uploads\/2016\/04\/DEsiREe-33x50.jpg 33w, https:\/\/blogs.correio24h.com.br\/mesalte\/wp-content\/uploads\/2016\/04\/DEsiREe-50x75.jpg 50w\" sizes=\"auto, (max-width: 683px) 100vw, 683px\" \/><p id=\"caption-attachment-3246\" class=\"wp-caption-text\">DesiR\u00e9e Beck<br \/>Foto: Alex Dantas \/Divulga\u00e7\u00e3o<\/p><\/div>\n<p>A m\u00fasica da DJ baiana Adriana Prates abre os trabalhos do evento a partir das 15 horas, com um lounge especial e a abertura do bar alternativo A NAU. Sob o comando do chef Raphael Sousa, gastr\u00f4nomo graduado pela Universidade Federal da Bahia, o Bar A Nau vai oferecer outros drinks, al\u00e9m de cervejas e petiscos pr\u00e1ticos e saborosos.<\/p>\n<p>Depois do som de Adriana, \u00e0 \u00a0s 15h30, o projeto pretende fomentar discuss\u00f5es atualizadas com o tema Comunidade LGBT+ e o direito \u00e0 \u00a0 cidade\u009d. Participam da conversa a estudante de Arquitetura e Urbanismo da Universidade Federal da Bahia, artivista e performer Rog\u00e9rio Teodoro, que d\u00e1 vida ao estado perform\u00e1tico A Teodoro do coletivo Afrobapho; Gustavo Coutinho, advogado, militante antiproibicionista e LGBT+, integrante do Coletivo Kiu!; e Alex Igb\u00f3, estudante de Licenciatura em Artes pela UFBA, homem trans e artivista. A media\u00e7\u00e3o da conversa fica por conta de Malayka SN.<\/p>\n<p>Logo ap\u00f3s a Roda de Conversa, A NAU convida a poeta e jornalista K\u00e1tia Borges para um bate-papo e um recital com as suas poesias, classificadas pela Revista Cult de homoafetivas. Em seguida, as drags Malayka e DesiR\u00e9e Beck far\u00e3o um pockett-show na Creperia La Bouche, uma honrosa parceria do projeto A NAU com Ricardo Brasil.<\/p>\n<p>Localizada tamb\u00e9m no Beco das Cores, a creperia \u00e9 uma grande incentivadora da cultura LGBTs+. \u00c0s 20 horas, A NAU convida para um encerramento luxuoso no Brazillink, com uma performance especial de duas horas de dura\u00e7\u00e3o com as drags Malayka, DesiR\u00e9eBeck e a convidada especial N\u00e1gila GoldStar! Vai ser babado. Muito sucesso e vida longa ao projeto!<\/p>\n<div id=\"attachment_6214\" style=\"width: 777px\" class=\"wp-caption aligncenter\"><img loading=\"lazy\" decoding=\"async\" aria-describedby=\"caption-attachment-6214\" class=\"size-full wp-image-6214\" src=\"http:\/\/www.correio24horas.com.br\/blogs\/mesalte\/wp-content\/uploads\/2016\/08\/Nagila.jpg\" alt=\"N\u00e1gila GoldStar\" width=\"767\" height=\"960\" srcset=\"https:\/\/blogs.correio24h.com.br\/mesalte\/wp-content\/uploads\/2016\/08\/Nagila.jpg 767w, https:\/\/blogs.correio24h.com.br\/mesalte\/wp-content\/uploads\/2016\/08\/Nagila-240x300.jpg 240w, https:\/\/blogs.correio24h.com.br\/mesalte\/wp-content\/uploads\/2016\/08\/Nagila-117x146.jpg 117w, https:\/\/blogs.correio24h.com.br\/mesalte\/wp-content\/uploads\/2016\/08\/Nagila-40x50.jpg 40w, https:\/\/blogs.correio24h.com.br\/mesalte\/wp-content\/uploads\/2016\/08\/Nagila-60x75.jpg 60w\" sizes=\"auto, (max-width: 767px) 100vw, 767px\" \/><p id=\"caption-attachment-6214\" class=\"wp-caption-text\">N\u00e1gila GoldStar<\/p><\/div>\n<p><strong>Servi\u00e7o:\u00c2\u00a0<\/strong><br \/>\nProjeto: A Nau &#8211; cultura e movimento<br \/>\nQuando: todos os domingos de Ver\u00e3o &#8211; [abertura dia 15 de janeiro]<br \/>\nEntrada: R$ 5<br \/>\nHor\u00e1rio: das 15h \u00e0 \u00a0s 0h<br \/>\nOnde: \u00c2\u00a0Brazillink &#8211; Instituto de L\u00edngua e Cultura [Rua Dias D\u2122\u00c3\u0081vila, 34, Barra\/Beco das Cores\/pr\u00f3ximo ao Farol da Barra<br \/>\nTel.: 3019-4021<\/p>\n","protected":false},"excerpt":{"rendered":"<p>Ou\u00e7o sempre as pessoas reclamando que n\u00e3o t\u00eam lugares novos para curtir na cena LGBTs de Salvador. Neste domingo (15) ser\u00e1 lan\u00e7ado um novo projeto que [&hellip;]<\/p>\n","protected":false},"author":1,"featured_media":8545,"comment_status":"open","ping_status":"open","sticky":false,"template":"","format":"image","meta":{"footnotes":""},"categories":[80,16,9],"tags":[],"class_list":["post-9007","post","type-post","status-publish","format-image","has-post-thumbnail","hentry","category-home","category-me-jogo","category-me-orgulho","post_format-post-format-image"],"_links":{"self":[{"href":"https:\/\/blogs.correio24horas.com.br\/mesalte\/wp-json\/wp\/v2\/posts\/9007","targetHints":{"allow":["GET"]}}],"collection":[{"href":"https:\/\/blogs.correio24horas.com.br\/mesalte\/wp-json\/wp\/v2\/posts"}],"about":[{"href":"https:\/\/blogs.correio24horas.com.br\/mesalte\/wp-json\/wp\/v2\/types\/post"}],"author":[{"embeddable":true,"href":"https:\/\/blogs.correio24horas.com.br\/mesalte\/wp-json\/wp\/v2\/users\/1"}],"replies":[{"embeddable":true,"href":"https:\/\/blogs.correio24horas.com.br\/mesalte\/wp-json\/wp\/v2\/comments?post=9007"}],"version-history":[{"count":3,"href":"https:\/\/blogs.correio24horas.com.br\/mesalte\/wp-json\/wp\/v2\/posts\/9007\/revisions"}],"predecessor-version":[{"id":9010,"href":"https:\/\/blogs.correio24horas.com.br\/mesalte\/wp-json\/wp\/v2\/posts\/9007\/revisions\/9010"}],"wp:featuredmedia":[{"embeddable":true,"href":"https:\/\/blogs.correio24horas.com.br\/mesalte\/wp-json\/wp\/v2\/media\/8545"}],"wp:attachment":[{"href":"https:\/\/blogs.correio24horas.com.br\/mesalte\/wp-json\/wp\/v2\/media?parent=9007"}],"wp:term":[{"taxonomy":"category","embeddable":true,"href":"https:\/\/blogs.correio24horas.com.br\/mesalte\/wp-json\/wp\/v2\/categories?post=9007"},{"taxonomy":"post_tag","embeddable":true,"href":"https:\/\/blogs.correio24horas.com.br\/mesalte\/wp-json\/wp\/v2\/tags?post=9007"}],"curies":[{"name":"wp","href":"https:\/\/api.w.org\/{rel}","templated":true}]}}