{"id":8990,"date":"2017-01-11T07:11:53","date_gmt":"2017-01-11T10:11:53","guid":{"rendered":"http:\/\/www.correio24horas.com.br\/blogs\/mesalte\/?p=8990"},"modified":"2017-01-11T07:47:38","modified_gmt":"2017-01-11T10:47:38","slug":"aos-45-anos-ator-marcelo-faria-faz-ensaio-sensual-para-a-revista-tpm","status":"publish","type":"post","link":"https:\/\/blogs.correio24horas.com.br\/mesalte\/aos-45-anos-ator-marcelo-faria-faz-ensaio-sensual-para-a-revista-tpm\/","title":{"rendered":"Aos 45 anos, ator Marcelo Faria faz ensaio sensual para a revista TPM"},"content":{"rendered":"<p>N\u00e3o \u00e9 anivers\u00e1rio do ator Marcelo Faria, de 45 anos, mas ele est\u00e1 de PARAB\u00c9NS! O bonit\u00e3o posou para ensaio da<a href=\"http:\/\/revistatrip.uol.com.br\/tpm\/ensaio-tpm-marcelo-faria-sem-roupa-pelado-camila-lucciola-jorge-bispo?utm_source=divulgacao-rp&amp;utm_medium=mailing-geral&amp;utm_content=&amp;utm_campaign=\" target=\"_blank\"> revista Tpm<\/a> e mostrou que est\u00e1 em super boa forma. Na entrevista,\u00c2\u00a0Marcelo fala sobe nudez e destaca a normalidade de tamb\u00e9m ficar nu no remake de Dona Flor e seus dois maridos, que tem Juliana Paes no papel principal e estreia prevista para o primeiro semestre de 2017 .No pr\u00f3ximo filme tamb\u00e9m fico nu em 70% das cenas (&#8230;) Andei pelado pelo set o tempo todo. Pra mim, n\u00e3o muda porra nenhuma ficar sem roupa\u009d.<\/p>\n<p>Marcelo, que est\u00e1 no ar na novela Sol Nascente (TV Globo) \u00e9 casado desde 2010 com \u00c2\u00a0Camila Lucciola e tem uma filha, Felipa de cinco anos. Queria algu\u00e9m que acompanhasse meu ritmo, e o da minha fam\u00edlia. Minha m\u00e3e \u00e9 uma mulher superinteligente e superprotetora, meu pai \u00e9 um \u00edcone da TV; n\u00e3o d\u00e1 pra ser mulherzinha nesse cen\u00e1rio. Ela chegou falando alto, n\u00e3o \u00e9 de abaixar a cabe\u00e7a. E foi assim que me conquistou.\u009d<\/p>\n<p><img loading=\"lazy\" decoding=\"async\" class=\"aligncenter size-full wp-image-8991\" src=\"http:\/\/www.correio24horas.com.br\/blogs\/mesalte\/wp-content\/uploads\/2017\/01\/faria.jpg\" alt=\"faria\" width=\"674\" height=\"503\" srcset=\"https:\/\/blogs.correio24h.com.br\/mesalte\/wp-content\/uploads\/2017\/01\/faria.jpg 674w, https:\/\/blogs.correio24h.com.br\/mesalte\/wp-content\/uploads\/2017\/01\/faria-300x224.jpg 300w, https:\/\/blogs.correio24h.com.br\/mesalte\/wp-content\/uploads\/2017\/01\/faria-196x146.jpg 196w, https:\/\/blogs.correio24h.com.br\/mesalte\/wp-content\/uploads\/2017\/01\/faria-50x37.jpg 50w, https:\/\/blogs.correio24h.com.br\/mesalte\/wp-content\/uploads\/2017\/01\/faria-100x75.jpg 100w\" sizes=\"auto, (max-width: 674px) 100vw, 674px\" \/><\/p>\n<p>Fotos:\u00c2\u00a0 <b>Jorge Bispo &#8211; Revista <span id=\"0.4541120844462696\" class=\"highlight\">Tpm<\/span> <\/b><\/p>\n","protected":false},"excerpt":{"rendered":"<p>N\u00e3o \u00e9 anivers\u00e1rio do ator Marcelo Faria, de 45 anos, mas ele est\u00e1 de PARAB\u00c9NS! O bonit\u00e3o posou para ensaio da revista Tpm e mostrou que [&hellip;]<\/p>\n","protected":false},"author":1,"featured_media":8992,"comment_status":"open","ping_status":"open","sticky":false,"template":"","format":"image","meta":{"footnotes":""},"categories":[80,27],"tags":[],"class_list":["post-8990","post","type-post","status-publish","format-image","has-post-thumbnail","hentry","category-home","category-me-abano","post_format-post-format-image"],"_links":{"self":[{"href":"https:\/\/blogs.correio24horas.com.br\/mesalte\/wp-json\/wp\/v2\/posts\/8990","targetHints":{"allow":["GET"]}}],"collection":[{"href":"https:\/\/blogs.correio24horas.com.br\/mesalte\/wp-json\/wp\/v2\/posts"}],"about":[{"href":"https:\/\/blogs.correio24horas.com.br\/mesalte\/wp-json\/wp\/v2\/types\/post"}],"author":[{"embeddable":true,"href":"https:\/\/blogs.correio24horas.com.br\/mesalte\/wp-json\/wp\/v2\/users\/1"}],"replies":[{"embeddable":true,"href":"https:\/\/blogs.correio24horas.com.br\/mesalte\/wp-json\/wp\/v2\/comments?post=8990"}],"version-history":[{"count":1,"href":"https:\/\/blogs.correio24horas.com.br\/mesalte\/wp-json\/wp\/v2\/posts\/8990\/revisions"}],"predecessor-version":[{"id":8993,"href":"https:\/\/blogs.correio24horas.com.br\/mesalte\/wp-json\/wp\/v2\/posts\/8990\/revisions\/8993"}],"wp:featuredmedia":[{"embeddable":true,"href":"https:\/\/blogs.correio24horas.com.br\/mesalte\/wp-json\/wp\/v2\/media\/8992"}],"wp:attachment":[{"href":"https:\/\/blogs.correio24horas.com.br\/mesalte\/wp-json\/wp\/v2\/media?parent=8990"}],"wp:term":[{"taxonomy":"category","embeddable":true,"href":"https:\/\/blogs.correio24horas.com.br\/mesalte\/wp-json\/wp\/v2\/categories?post=8990"},{"taxonomy":"post_tag","embeddable":true,"href":"https:\/\/blogs.correio24horas.com.br\/mesalte\/wp-json\/wp\/v2\/tags?post=8990"}],"curies":[{"name":"wp","href":"https:\/\/api.w.org\/{rel}","templated":true}]}}