{"id":8959,"date":"2017-01-09T11:52:37","date_gmt":"2017-01-09T14:52:37","guid":{"rendered":"http:\/\/www.correio24horas.com.br\/blogs\/mesalte\/?p=8959"},"modified":"2017-01-09T11:52:37","modified_gmt":"2017-01-09T14:52:37","slug":"coletivo-familias-pela-diversidade-participa-da-lavagem-do-bonfim","status":"publish","type":"post","link":"https:\/\/blogs.correio24horas.com.br\/mesalte\/coletivo-familias-pela-diversidade-participa-da-lavagem-do-bonfim\/","title":{"rendered":"Coletivo Fam\u00edlias pela Diversidade participa da Lavagem do Bonfim"},"content":{"rendered":"<p>O rec\u00e9m criado coletivo Fam\u00edlias pela Diversidade, coordenado por In\u00eas Silva, que integrava o coletivo M\u00e3es pela Diversidade, participar\u00e1 nesta quinta-feira (12) da tradicional Lavagem do Bonfim. &#8220;Nossos filhos e filhas participar\u00e3o com saias brancas e camisa branca do fam\u00edlias. E n\u00f3s iremos ficar de fora??? Nunquinhaaaa!! Estamos organizando a nossa participa\u00e7\u00e3o que ser\u00e1 important\u00edssima para apoi\u00e1-los marcando presen\u00e7a&#8221;, diz In\u00eas. A camisa branca do Fam\u00edlias para esse evento, custar\u00e1 R$ 20 para todxs participantes.\u00c2\u00a0As encomendas est\u00e3o sendo feitas \u00e0 \u00a0 coordenadora de eventos do coletivo \u00c2\u00a0<a href=\"https:\/\/www.facebook.com\/cristiane.sarmento?fref=ts\" target=\"_blank\">Cristiane Sarmento<\/a>\u00c2\u00a0.<\/p>\n","protected":false},"excerpt":{"rendered":"<p>O rec\u00e9m criado coletivo Fam\u00edlias pela Diversidade, coordenado por In\u00eas Silva, que integrava o coletivo M\u00e3es pela Diversidade, participar\u00e1 nesta quinta-feira (12) da tradicional Lavagem do [&hellip;]<\/p>\n","protected":false},"author":1,"featured_media":8960,"comment_status":"open","ping_status":"open","sticky":false,"template":"","format":"image","meta":{"footnotes":""},"categories":[80,9],"tags":[],"class_list":["post-8959","post","type-post","status-publish","format-image","has-post-thumbnail","hentry","category-home","category-me-orgulho","post_format-post-format-image"],"_links":{"self":[{"href":"https:\/\/blogs.correio24horas.com.br\/mesalte\/wp-json\/wp\/v2\/posts\/8959","targetHints":{"allow":["GET"]}}],"collection":[{"href":"https:\/\/blogs.correio24horas.com.br\/mesalte\/wp-json\/wp\/v2\/posts"}],"about":[{"href":"https:\/\/blogs.correio24horas.com.br\/mesalte\/wp-json\/wp\/v2\/types\/post"}],"author":[{"embeddable":true,"href":"https:\/\/blogs.correio24horas.com.br\/mesalte\/wp-json\/wp\/v2\/users\/1"}],"replies":[{"embeddable":true,"href":"https:\/\/blogs.correio24horas.com.br\/mesalte\/wp-json\/wp\/v2\/comments?post=8959"}],"version-history":[{"count":1,"href":"https:\/\/blogs.correio24horas.com.br\/mesalte\/wp-json\/wp\/v2\/posts\/8959\/revisions"}],"predecessor-version":[{"id":8964,"href":"https:\/\/blogs.correio24horas.com.br\/mesalte\/wp-json\/wp\/v2\/posts\/8959\/revisions\/8964"}],"wp:featuredmedia":[{"embeddable":true,"href":"https:\/\/blogs.correio24horas.com.br\/mesalte\/wp-json\/wp\/v2\/media\/8960"}],"wp:attachment":[{"href":"https:\/\/blogs.correio24horas.com.br\/mesalte\/wp-json\/wp\/v2\/media?parent=8959"}],"wp:term":[{"taxonomy":"category","embeddable":true,"href":"https:\/\/blogs.correio24horas.com.br\/mesalte\/wp-json\/wp\/v2\/categories?post=8959"},{"taxonomy":"post_tag","embeddable":true,"href":"https:\/\/blogs.correio24horas.com.br\/mesalte\/wp-json\/wp\/v2\/tags?post=8959"}],"curies":[{"name":"wp","href":"https:\/\/api.w.org\/{rel}","templated":true}]}}