{"id":8955,"date":"2017-01-09T11:18:32","date_gmt":"2017-01-09T14:18:32","guid":{"rendered":"http:\/\/www.correio24horas.com.br\/blogs\/mesalte\/?p=8955"},"modified":"2017-01-09T11:19:44","modified_gmt":"2017-01-09T14:19:44","slug":"de-sunga-branca-ex-bbb-jonas-grava-video-dancando-deu-onda-ao-lado-da-namorada","status":"publish","type":"post","link":"https:\/\/blogs.correio24horas.com.br\/mesalte\/de-sunga-branca-ex-bbb-jonas-grava-video-dancando-deu-onda-ao-lado-da-namorada\/","title":{"rendered":"De sunga branca, ex-BBB Jonas grava v\u00eddeo dan\u00e7ando &#8216;Deu Onda&#8217; ao lado da namorada"},"content":{"rendered":"<p>O ex-BBB Jonas Sulzbach , aquele dos 22 cm (se n\u00e3o lembra e tem mais de 18 anos clique <a href=\"http:\/\/astrossemtarjas.blogspot.com.br\/2014\/06\/jonas-sulzbach-nu-pelado-veja-o-video.html\" target=\"_blank\">aqui<\/a>), resolveu entrar na vibe do hit Deu Onda, de MC G15, e fez a alegria dos seus f\u00e3s de todos os g\u00eaneros. O bonit\u00e3o postou um v\u00eddeo, em seu instagram, dan\u00e7ando a m\u00fasica. O detalhe: ele est\u00e1 usando uma sunga branca que deixa marcada toda a pot\u00eancia &#8211; e cent\u00edmetros &#8211; do boy dan\u00e7ando o single que tem aquele refr\u00e3o do<a href=\"http:\/\/www.correio24horas.com.br\/blogs\/mesalte\/colunista-do-correio-osmar-marrom-martins-se-choca-com-versao-proibidona-do-hit-deu-onda-veja-video\/\" target=\"_blank\"> &#8220;meu pa* te ama&#8221;. <\/a>! \u00c9 bem verdade que ele n\u00e3o est\u00e1 muito no ritmo da coreografia, mas com esse corp\u00e3o nem precisa, n\u00e9! \u00c2\u00a0Co-fundador do Mahamudra Brasil, Jonas \u00e9 ga\u00facho e namora com a panicat Mariana Gonzalez, que aparece com ele no v\u00eddeo ao lado da modelo Taty Betin. O v\u00eddeo j\u00e1 teve mais de 200 mil visualiza\u00e7\u00f5es.<\/p>\n<p>Veja o v\u00eddeo e se divirta&#8230;\u00e9 muita onda, viu!<\/p>\n<blockquote class=\"instagram-media\" style=\"background: #FFF; border: 0; border-radius: 3px; box-shadow: 0 0 1px 0 rgba(0,0,0,0.5),0 1px 10px 0 rgba(0,0,0,0.15); margin: 1px; max-width: 658px; padding: 0; width: calc(100% - 2px);\" data-instgrm-captioned=\"\" data-instgrm-version=\"7\">\n<div style=\"padding: 8px;\">\n<div style=\"background: #F8F8F8; line-height: 0; margin-top: 40px; padding: 28.1018518519% 0; text-align: center; width: 100%;\"><\/div>\n<p style=\"margin: 8px 0 0 0; padding: 0 4px;\"><a style=\"color: #000; font-family: Arial,sans-serif; font-size: 14px; font-style: normal; font-weight: normal; line-height: 17px; text-decoration: none; word-wrap: break-word;\" href=\"https:\/\/www.instagram.com\/p\/BPBHFzLhpqR\/\" target=\"_blank\">Eeeeee me deu onda \u00f0\u0178\u02dc\u0081 na praia \ud83d\ude09 #medeuonda B1 e B2 @oficialgonzalez @tatybetin<\/a><\/p>\n<p style=\"color: #c9c8cd; font-family: Arial,sans-serif; font-size: 14px; line-height: 17px; margin-bottom: 0; margin-top: 8px; overflow: hidden; padding: 8px 0 7px; text-align: center; text-overflow: ellipsis; white-space: nowrap;\">Um v\u00eddeo publicado por \u00f0\u0178\u201d\u00b9Jonas Sulzbach &#8211; Mahamudra (@jonas.mbt) em <time style=\"font-family: Arial,sans-serif; font-size: 14px; line-height: 17px;\" datetime=\"2017-01-08T20:48:21+00:00\">Jan 8, 2017 \u00e0 \u00a0s 12:48 PST<\/time><\/p>\n<\/div>\n<\/blockquote>\n<p><script src=\"\/\/platform.instagram.com\/en_US\/embeds.js\" async=\"\" defer=\"defer\"><\/script><\/p>\n","protected":false},"excerpt":{"rendered":"<p>O ex-BBB Jonas Sulzbach , aquele dos 22 cm (se n\u00e3o lembra e tem mais de 18 anos clique aqui), resolveu entrar na vibe do hit [&hellip;]<\/p>\n","protected":false},"author":1,"featured_media":8956,"comment_status":"open","ping_status":"open","sticky":false,"template":"","format":"image","meta":{"footnotes":""},"categories":[80,27],"tags":[],"class_list":["post-8955","post","type-post","status-publish","format-image","has-post-thumbnail","hentry","category-home","category-me-abano","post_format-post-format-image"],"_links":{"self":[{"href":"https:\/\/blogs.correio24horas.com.br\/mesalte\/wp-json\/wp\/v2\/posts\/8955","targetHints":{"allow":["GET"]}}],"collection":[{"href":"https:\/\/blogs.correio24horas.com.br\/mesalte\/wp-json\/wp\/v2\/posts"}],"about":[{"href":"https:\/\/blogs.correio24horas.com.br\/mesalte\/wp-json\/wp\/v2\/types\/post"}],"author":[{"embeddable":true,"href":"https:\/\/blogs.correio24horas.com.br\/mesalte\/wp-json\/wp\/v2\/users\/1"}],"replies":[{"embeddable":true,"href":"https:\/\/blogs.correio24horas.com.br\/mesalte\/wp-json\/wp\/v2\/comments?post=8955"}],"version-history":[{"count":2,"href":"https:\/\/blogs.correio24horas.com.br\/mesalte\/wp-json\/wp\/v2\/posts\/8955\/revisions"}],"predecessor-version":[{"id":8958,"href":"https:\/\/blogs.correio24horas.com.br\/mesalte\/wp-json\/wp\/v2\/posts\/8955\/revisions\/8958"}],"wp:featuredmedia":[{"embeddable":true,"href":"https:\/\/blogs.correio24horas.com.br\/mesalte\/wp-json\/wp\/v2\/media\/8956"}],"wp:attachment":[{"href":"https:\/\/blogs.correio24horas.com.br\/mesalte\/wp-json\/wp\/v2\/media?parent=8955"}],"wp:term":[{"taxonomy":"category","embeddable":true,"href":"https:\/\/blogs.correio24horas.com.br\/mesalte\/wp-json\/wp\/v2\/categories?post=8955"},{"taxonomy":"post_tag","embeddable":true,"href":"https:\/\/blogs.correio24horas.com.br\/mesalte\/wp-json\/wp\/v2\/tags?post=8955"}],"curies":[{"name":"wp","href":"https:\/\/api.w.org\/{rel}","templated":true}]}}