{"id":8933,"date":"2017-01-08T16:45:03","date_gmt":"2017-01-08T19:45:03","guid":{"rendered":"http:\/\/www.correio24horas.com.br\/blogs\/mesalte\/?p=8933"},"modified":"2017-01-08T16:48:59","modified_gmt":"2017-01-08T19:48:59","slug":"tres-menores-sao-apreendidos-suspeitos-de-matar-travesti-de-16-anos-por-vinganca-no-piaui","status":"publish","type":"post","link":"https:\/\/blogs.correio24horas.com.br\/mesalte\/tres-menores-sao-apreendidos-suspeitos-de-matar-travesti-de-16-anos-por-vinganca-no-piaui\/","title":{"rendered":"Tr\u00eas menores s\u00e3o apreendidos suspeitos de matar travesti de 16 anos; cemit\u00e9rio foi pichado com frase transf\u00f3bica e s\u00edmbolo nazista"},"content":{"rendered":"<p>Tr\u00eas menores de idade foram apreendidos em Teresina, no Piau\u00ed, acusados de matar uma travesti de 16 anos. O crime aconteceu na madrugada da \u00faltima quinta-feira (05) quando a travesti estava sentada na porta de casa e foi alvejada com um tiro nas costas.\u00c2\u00a0Segundo informa\u00e7\u00f5es da Pol\u00edcia Militar, que apura o caso, o crime teria sido motivado por vingan\u00e7a entre as fam\u00edlias de um dos jovens e a travesti.<\/p>\n<p>Em entrevista ao portal G1, o comandante Paulo Silas, da Companhia do Promorar, informou que os menores confessaram\u00c2\u00a0o crime.\u00c2\u00a0&#8220;Os tr\u00eas adolescentes estavam escondidos na regi\u00e3o do Promorar. Eles relataram ter assassinado a\u00c2\u00a0travesti na madrugada desta sexta-feira, porque o irm\u00e3o da v\u00edtima \u00e9 suspeito de matar uma pessoa da fam\u00edlia de um dos menores&#8221;, relatou.\u00c2\u00a0&#8220;Todos os suspeitos t\u00eam passagem pela pol\u00edcia por tr\u00e1fico de drogas, homic\u00eddios e porte ilegal de arma. Eles ser\u00e3o encaminhados agora para a Delegacia de Homic\u00eddios&#8221;, acrescentou Silas.<\/p>\n<p>No mesmo dia do crime o cemit\u00e9rio do bairro foi pichado com uma frase de insulto transf\u00f3bico.\u00c2\u00a0Lugar de traveco (sic) \u00e9 no cemit\u00e9rio\u009d. A pol\u00edcia investiga o homic\u00eddio e a picha\u00e7\u00e3o.<\/p>\n<p><img loading=\"lazy\" decoding=\"async\" class=\"aligncenter size-full wp-image-8934\" src=\"http:\/\/www.correio24horas.com.br\/blogs\/mesalte\/wp-content\/uploads\/2017\/01\/TRAVESTI-PIAUI.jpg\" alt=\"TRAVESTI PIAUI\" width=\"568\" height=\"445\" srcset=\"https:\/\/blogs.correio24h.com.br\/mesalte\/wp-content\/uploads\/2017\/01\/TRAVESTI-PIAUI.jpg 568w, https:\/\/blogs.correio24h.com.br\/mesalte\/wp-content\/uploads\/2017\/01\/TRAVESTI-PIAUI-300x235.jpg 300w, https:\/\/blogs.correio24h.com.br\/mesalte\/wp-content\/uploads\/2017\/01\/TRAVESTI-PIAUI-186x146.jpg 186w, https:\/\/blogs.correio24h.com.br\/mesalte\/wp-content\/uploads\/2017\/01\/TRAVESTI-PIAUI-50x39.jpg 50w, https:\/\/blogs.correio24h.com.br\/mesalte\/wp-content\/uploads\/2017\/01\/TRAVESTI-PIAUI-96x75.jpg 96w\" sizes=\"auto, (max-width: 568px) 100vw, 568px\" \/><\/p>\n","protected":false},"excerpt":{"rendered":"<p>Tr\u00eas menores de idade foram apreendidos em Teresina, no Piau\u00ed, acusados de matar uma travesti de 16 anos. O crime aconteceu na madrugada da \u00faltima quinta-feira [&hellip;]<\/p>\n","protected":false},"author":1,"featured_media":0,"comment_status":"open","ping_status":"open","sticky":false,"template":"","format":"image","meta":{"footnotes":""},"categories":[80,11],"tags":[],"class_list":["post-8933","post","type-post","status-publish","format-image","hentry","category-home","category-me-informo","post_format-post-format-image"],"_links":{"self":[{"href":"https:\/\/blogs.correio24horas.com.br\/mesalte\/wp-json\/wp\/v2\/posts\/8933","targetHints":{"allow":["GET"]}}],"collection":[{"href":"https:\/\/blogs.correio24horas.com.br\/mesalte\/wp-json\/wp\/v2\/posts"}],"about":[{"href":"https:\/\/blogs.correio24horas.com.br\/mesalte\/wp-json\/wp\/v2\/types\/post"}],"author":[{"embeddable":true,"href":"https:\/\/blogs.correio24horas.com.br\/mesalte\/wp-json\/wp\/v2\/users\/1"}],"replies":[{"embeddable":true,"href":"https:\/\/blogs.correio24horas.com.br\/mesalte\/wp-json\/wp\/v2\/comments?post=8933"}],"version-history":[{"count":5,"href":"https:\/\/blogs.correio24horas.com.br\/mesalte\/wp-json\/wp\/v2\/posts\/8933\/revisions"}],"predecessor-version":[{"id":8939,"href":"https:\/\/blogs.correio24horas.com.br\/mesalte\/wp-json\/wp\/v2\/posts\/8933\/revisions\/8939"}],"wp:attachment":[{"href":"https:\/\/blogs.correio24horas.com.br\/mesalte\/wp-json\/wp\/v2\/media?parent=8933"}],"wp:term":[{"taxonomy":"category","embeddable":true,"href":"https:\/\/blogs.correio24horas.com.br\/mesalte\/wp-json\/wp\/v2\/categories?post=8933"},{"taxonomy":"post_tag","embeddable":true,"href":"https:\/\/blogs.correio24horas.com.br\/mesalte\/wp-json\/wp\/v2\/tags?post=8933"}],"curies":[{"name":"wp","href":"https:\/\/api.w.org\/{rel}","templated":true}]}}