{"id":8924,"date":"2017-01-08T13:24:02","date_gmt":"2017-01-08T16:24:02","guid":{"rendered":"http:\/\/www.correio24horas.com.br\/blogs\/mesalte\/?p=8924"},"modified":"2017-01-08T13:24:02","modified_gmt":"2017-01-08T16:24:02","slug":"homem-transexual-hayden-cross-engravida-na-inglaterra-e-diz-eu-serei-o-melhor-pai","status":"publish","type":"post","link":"https:\/\/blogs.correio24horas.com.br\/mesalte\/homem-transexual-hayden-cross-engravida-na-inglaterra-e-diz-eu-serei-o-melhor-pai\/","title":{"rendered":"Homem transexual Hayden Cross engravida na Inglaterra e diz:  &#8220;Eu serei o melhor pai&#8221;"},"content":{"rendered":"<p>Um homem transexual est\u00e1 movimentando os notici\u00e1rios da Inglaterra.\u00c2\u00a0Hayden Cross, de 20 anos, anunciou recentemente que est\u00e1 gr\u00e1vido \u00c2\u00a0e se tornar\u00e1 o primeiro homem trans da Gr\u00e3-Bretanha a se tornar pai gerando o pr\u00f3prio filho na barriga. Em entrevista ao jornal Metro, Hayden falou que engravidou atrav\u00e9s de um doador de esperma que conheceu pela internet.<\/p>\n<p>Hayden afirmou ainda que parou de tomar os horm\u00f4nios masculinos que comp\u00f5em seu processo de redesigna\u00e7\u00e3o sexual h\u00e1 tr\u00eas anos por conta do beb\u00ea.\u00c2\u00a0&#8220;\u00c9 uma coisa muito feminina carregar um beb\u00ea na barriga e vai contra tudo o que eu sinto em meu corpo. Queria a crian\u00e7a agora para que eu possa fazer a transi\u00e7\u00e3o antes de envelhecer (&#8230;)\u00c2\u00a0Trans \u00e9 uma coisa comum agora para nossa gera\u00e7\u00e3o. Ele tem o direito de saber&#8221;, disse, referindo-se ao fato que contar\u00e1 ao beb\u00ea quando crescer sobre seu processo de transi\u00e7\u00e3o. Quando nasceu, Hayden foi identificado com pertencente ao g\u00eanero oposto ao masculino, mas\u00c2\u00a0ele identifica com o masculino e por esse motivo \u00e9 um homem transexual.<\/p>\n<p>Ap\u00f3s o fim da gesta\u00e7\u00e3o, Hayden far\u00e1 as cirurgias de mastectomia (retirada das mamas) e tamb\u00e9m vai retirar os ov\u00e1rios. Em entrevista ao portal The Sun, Hayden disse:\u00c2\u00a0&#8220;Eu serei o melhor pai.&#8221;<\/p>\n<div id=\"attachment_8926\" style=\"width: 1034px\" class=\"wp-caption aligncenter\"><img loading=\"lazy\" decoding=\"async\" aria-describedby=\"caption-attachment-8926\" class=\"size-large wp-image-8926\" src=\"http:\/\/www.correio24horas.com.br\/blogs\/mesalte\/wp-content\/uploads\/2017\/01\/homem-trans2-1024x574.jpg\" alt=\"Foto: Reprodu\u00e7\u00e3o\/The Sun\" width=\"1024\" height=\"574\" srcset=\"https:\/\/blogs.correio24h.com.br\/mesalte\/wp-content\/uploads\/2017\/01\/homem-trans2-1024x574.jpg 1024w, https:\/\/blogs.correio24h.com.br\/mesalte\/wp-content\/uploads\/2017\/01\/homem-trans2-300x168.jpg 300w, https:\/\/blogs.correio24h.com.br\/mesalte\/wp-content\/uploads\/2017\/01\/homem-trans2-768x431.jpg 768w, https:\/\/blogs.correio24h.com.br\/mesalte\/wp-content\/uploads\/2017\/01\/homem-trans2-260x146.jpg 260w, https:\/\/blogs.correio24h.com.br\/mesalte\/wp-content\/uploads\/2017\/01\/homem-trans2-50x28.jpg 50w, https:\/\/blogs.correio24h.com.br\/mesalte\/wp-content\/uploads\/2017\/01\/homem-trans2-134x75.jpg 134w, https:\/\/blogs.correio24h.com.br\/mesalte\/wp-content\/uploads\/2017\/01\/homem-trans2.jpg 1143w\" sizes=\"auto, (max-width: 1024px) 100vw, 1024px\" \/><p id=\"caption-attachment-8926\" class=\"wp-caption-text\">Foto: Reprodu\u00e7\u00e3o\/The Sun<\/p><\/div>\n","protected":false},"excerpt":{"rendered":"<p>Um homem transexual est\u00e1 movimentando os notici\u00e1rios da Inglaterra.\u00c2\u00a0Hayden Cross, de 20 anos, anunciou recentemente que est\u00e1 gr\u00e1vido \u00c2\u00a0e se tornar\u00e1 o primeiro homem trans da [&hellip;]<\/p>\n","protected":false},"author":1,"featured_media":8925,"comment_status":"open","ping_status":"open","sticky":false,"template":"","format":"image","meta":{"footnotes":""},"categories":[80,11],"tags":[],"class_list":["post-8924","post","type-post","status-publish","format-image","has-post-thumbnail","hentry","category-home","category-me-informo","post_format-post-format-image"],"_links":{"self":[{"href":"https:\/\/blogs.correio24horas.com.br\/mesalte\/wp-json\/wp\/v2\/posts\/8924","targetHints":{"allow":["GET"]}}],"collection":[{"href":"https:\/\/blogs.correio24horas.com.br\/mesalte\/wp-json\/wp\/v2\/posts"}],"about":[{"href":"https:\/\/blogs.correio24horas.com.br\/mesalte\/wp-json\/wp\/v2\/types\/post"}],"author":[{"embeddable":true,"href":"https:\/\/blogs.correio24horas.com.br\/mesalte\/wp-json\/wp\/v2\/users\/1"}],"replies":[{"embeddable":true,"href":"https:\/\/blogs.correio24horas.com.br\/mesalte\/wp-json\/wp\/v2\/comments?post=8924"}],"version-history":[{"count":1,"href":"https:\/\/blogs.correio24horas.com.br\/mesalte\/wp-json\/wp\/v2\/posts\/8924\/revisions"}],"predecessor-version":[{"id":8927,"href":"https:\/\/blogs.correio24horas.com.br\/mesalte\/wp-json\/wp\/v2\/posts\/8924\/revisions\/8927"}],"wp:featuredmedia":[{"embeddable":true,"href":"https:\/\/blogs.correio24horas.com.br\/mesalte\/wp-json\/wp\/v2\/media\/8925"}],"wp:attachment":[{"href":"https:\/\/blogs.correio24horas.com.br\/mesalte\/wp-json\/wp\/v2\/media?parent=8924"}],"wp:term":[{"taxonomy":"category","embeddable":true,"href":"https:\/\/blogs.correio24horas.com.br\/mesalte\/wp-json\/wp\/v2\/categories?post=8924"},{"taxonomy":"post_tag","embeddable":true,"href":"https:\/\/blogs.correio24horas.com.br\/mesalte\/wp-json\/wp\/v2\/tags?post=8924"}],"curies":[{"name":"wp","href":"https:\/\/api.w.org\/{rel}","templated":true}]}}