{"id":8896,"date":"2017-01-05T15:41:14","date_gmt":"2017-01-05T18:41:14","guid":{"rendered":"http:\/\/www.correio24horas.com.br\/blogs\/mesalte\/?p=8896"},"modified":"2017-01-05T16:24:14","modified_gmt":"2017-01-05T19:24:14","slug":"colunista-do-correio-osmar-marrom-martins-se-choca-com-versao-proibidona-do-hit-deu-onda-veja-video","status":"publish","type":"post","link":"https:\/\/blogs.correio24horas.com.br\/mesalte\/colunista-do-correio-osmar-marrom-martins-se-choca-com-versao-proibidona-do-hit-deu-onda-veja-video\/","title":{"rendered":"Colunista do CORREIO Osmar Marrom Martins se choca com vers\u00e3o proibidona do hit &#8220;Deu onda&#8221;; veja v\u00eddeo"},"content":{"rendered":"<p>Nas festas de R\u00e9veillon deste ano o funk proibid\u00e3o Deu Onda, e MC G15, liderou os rankings das plataformas de streaming como Spotify, Apple Music e Deezer. Al\u00e9m disso, tem sido a can\u00e7\u00e3o mais tocada em todos os cantos de Salvador desbancando sucessos como Wesley Safad\u00e3o e Mar\u00edlia Mendon\u00e7a, representantes do sertanejo, ritmo mais escutado no pa\u00eds ultimamente.<\/p>\n<p>O colunista Osmar Marrom Martins, do Blog do Marrom do CORREIO, que \u00e9 especialista em m\u00fasica baiana, n\u00e3o conhecia a m\u00fasica-chiclete do momento e o Me Salte mostrou para ele e gravou em v\u00eddeo as rea\u00e7\u00f5es dele. Mostramos, evidentemente, a vers\u00e3o proibidona e ele ficou passado: &#8220;Eu t\u00f4 chocado&#8221;, &#8220;Ser\u00e1 que isso vai tocar no Carnaval?&#8221; e &#8220;Eu t\u00f4 ficando velho&#8221; foram alguma das rea\u00e7\u00f5es. Aperte o play e assista o v\u00eddeo.<\/p>\n<p><iframe loading=\"lazy\" style=\"border: none; overflow: hidden;\" src=\"https:\/\/www.facebook.com\/plugins\/video.php?href=https%3A%2F%2Fwww.facebook.com%2Fmesalte%2Fvideos%2F1284234781638059%2F&amp;show_text=0&amp;width=560\" width=\"560\" height=\"315\" frameborder=\"0\" scrolling=\"no\" allowfullscreen=\"allowfullscreen\"><\/iframe><\/p>\n<p>E em voc\u00ea, essa can\u00e7\u00e3o deu onda? O que voc\u00ea acha?<\/p>\n","protected":false},"excerpt":{"rendered":"<p>Nas festas de R\u00e9veillon deste ano o funk proibid\u00e3o Deu Onda, e MC G15, liderou os rankings das plataformas de streaming como Spotify, Apple Music e [&hellip;]<\/p>\n","protected":false},"author":1,"featured_media":8897,"comment_status":"open","ping_status":"open","sticky":false,"template":"","format":"image","meta":{"footnotes":""},"categories":[28],"tags":[805],"class_list":["post-8896","post","type-post","status-publish","format-image","has-post-thumbnail","hentry","category-farofa-digital","tag-deu-onda","post_format-post-format-image"],"_links":{"self":[{"href":"https:\/\/blogs.correio24horas.com.br\/mesalte\/wp-json\/wp\/v2\/posts\/8896","targetHints":{"allow":["GET"]}}],"collection":[{"href":"https:\/\/blogs.correio24horas.com.br\/mesalte\/wp-json\/wp\/v2\/posts"}],"about":[{"href":"https:\/\/blogs.correio24horas.com.br\/mesalte\/wp-json\/wp\/v2\/types\/post"}],"author":[{"embeddable":true,"href":"https:\/\/blogs.correio24horas.com.br\/mesalte\/wp-json\/wp\/v2\/users\/1"}],"replies":[{"embeddable":true,"href":"https:\/\/blogs.correio24horas.com.br\/mesalte\/wp-json\/wp\/v2\/comments?post=8896"}],"version-history":[{"count":2,"href":"https:\/\/blogs.correio24horas.com.br\/mesalte\/wp-json\/wp\/v2\/posts\/8896\/revisions"}],"predecessor-version":[{"id":8899,"href":"https:\/\/blogs.correio24horas.com.br\/mesalte\/wp-json\/wp\/v2\/posts\/8896\/revisions\/8899"}],"wp:featuredmedia":[{"embeddable":true,"href":"https:\/\/blogs.correio24horas.com.br\/mesalte\/wp-json\/wp\/v2\/media\/8897"}],"wp:attachment":[{"href":"https:\/\/blogs.correio24horas.com.br\/mesalte\/wp-json\/wp\/v2\/media?parent=8896"}],"wp:term":[{"taxonomy":"category","embeddable":true,"href":"https:\/\/blogs.correio24horas.com.br\/mesalte\/wp-json\/wp\/v2\/categories?post=8896"},{"taxonomy":"post_tag","embeddable":true,"href":"https:\/\/blogs.correio24horas.com.br\/mesalte\/wp-json\/wp\/v2\/tags?post=8896"}],"curies":[{"name":"wp","href":"https:\/\/api.w.org\/{rel}","templated":true}]}}