{"id":8828,"date":"2017-01-04T11:31:39","date_gmt":"2017-01-04T14:31:39","guid":{"rendered":"http:\/\/www.correio24horas.com.br\/blogs\/mesalte\/?p=8828"},"modified":"2017-01-05T08:44:42","modified_gmt":"2017-01-05T11:44:42","slug":"cantor-cubano-alexey-martinez-do-the-voice-brasil-faz-show-de-graca-em-salvador","status":"publish","type":"post","link":"https:\/\/blogs.correio24horas.com.br\/mesalte\/cantor-cubano-alexey-martinez-do-the-voice-brasil-faz-show-de-graca-em-salvador\/","title":{"rendered":"Cantor cubano Alexey Martinez, do The Voice Brasil, faz show de gra\u00e7a em Salvador"},"content":{"rendered":"<p>Sucesso na \u00faltima edi\u00e7\u00e3o do programa The Voice Brasil, o cantor cubano Alexey Martinez far\u00e1 nesta quarta-feira (04) um pocket show gratuito em Salvador. A apresenta\u00e7\u00e3o acontecer\u00e1 a partir das 18h no piso L1 do Shopping Barra antes do sorteio da promo\u00e7\u00e3o de Natal no centro de compras.<\/p>\n<p>Alexey vai trazer na primeira parte do show, que ser\u00e1 ac\u00fastico, m\u00fasicas que remetem \u00e0 \u00a0 hist\u00f3ria de m\u00fasica cubana, com can\u00e7\u00f5es de Buena Vista Social Club, por exemplo Chan Chan e tamb\u00e9m Yolanda, de Pablo Milan\u00e8s. Em outro momento da apresenta\u00e7\u00e3o, que ser\u00e1 ac\u00fastica, \u00c2\u00a0ele vai cantar\u00c2\u00a0m\u00fasicas de origem latina mais atuais que influenciam a m\u00fasica brasileira como Set P\u00e9gate (que ele cantou no The Voice) e Bailando (Decemer Bueno e Gente de Zona).<\/p>\n<p>Nascido na prov\u00edncia cubana de Pinar Del Rio e radicado na Bahia desde 2011, Alexey \u00c2\u00a0come\u00e7ou a carreira como cantor e m\u00fasico aos oito anos, com influ\u00eancias da m\u00fasica tradicional de seu pa\u00eds. Aos 19 anos, mudou-se para o Equador, onde, em 2014, foi um dos finalistas do reality show Popstars. Ele ficou na Bahia depois que conheceu seu companheiro Leo Santana, que tamb\u00e9m \u00e9 seu produtor e empres\u00e1rio.<\/p>\n<p><strong>Relembre o bate papo que tive com eles logo no come\u00e7o do The Voice quando houve uma grande repercuss\u00e3o depois que Alexey falou do seu relacionamento:<\/strong><\/p>\n<p><iframe loading=\"lazy\" src=\"https:\/\/w.soundcloud.com\/player\/?url=https%3A\/\/api.soundcloud.com\/tracks\/287683578&amp;auto_play=false&amp;hide_related=false&amp;show_comments=true&amp;show_user=true&amp;show_reposts=false&amp;visual=true\" width=\"100%\" height=\"450\" frameborder=\"no\" scrolling=\"no\"><\/iframe><\/p>\n<p>Depois do show de Alexey ser\u00e3o conhecidos as (os) dois ganhadores dos carros Jaguar 0Km.\u00c2\u00a0Os modelos sorteados ser\u00e3o os Jaguares XE &#8211; X760 (X760), 2.0 GTDI &#8211; X760 e XE &#8211; X760 (X760), 2.0 GTDI &#8211; X760. Para participar da promo\u00e7\u00e3o, os clientes trocaram R$ 400,00 (quatrocentos reais) em notas fiscais de compras no Shopping Barra por um cupom.<\/p>\n<p>&nbsp;<\/p>\n","protected":false},"excerpt":{"rendered":"<p>Sucesso na \u00faltima edi\u00e7\u00e3o do programa The Voice Brasil, o cantor cubano Alexey Martinez far\u00e1 nesta quarta-feira (04) um pocket show gratuito em Salvador. A apresenta\u00e7\u00e3o [&hellip;]<\/p>\n","protected":false},"author":1,"featured_media":8843,"comment_status":"open","ping_status":"open","sticky":false,"template":"","format":"image","meta":{"footnotes":""},"categories":[16],"tags":[],"class_list":["post-8828","post","type-post","status-publish","format-image","has-post-thumbnail","hentry","category-me-jogo","post_format-post-format-image"],"_links":{"self":[{"href":"https:\/\/blogs.correio24horas.com.br\/mesalte\/wp-json\/wp\/v2\/posts\/8828","targetHints":{"allow":["GET"]}}],"collection":[{"href":"https:\/\/blogs.correio24horas.com.br\/mesalte\/wp-json\/wp\/v2\/posts"}],"about":[{"href":"https:\/\/blogs.correio24horas.com.br\/mesalte\/wp-json\/wp\/v2\/types\/post"}],"author":[{"embeddable":true,"href":"https:\/\/blogs.correio24horas.com.br\/mesalte\/wp-json\/wp\/v2\/users\/1"}],"replies":[{"embeddable":true,"href":"https:\/\/blogs.correio24horas.com.br\/mesalte\/wp-json\/wp\/v2\/comments?post=8828"}],"version-history":[{"count":5,"href":"https:\/\/blogs.correio24horas.com.br\/mesalte\/wp-json\/wp\/v2\/posts\/8828\/revisions"}],"predecessor-version":[{"id":8861,"href":"https:\/\/blogs.correio24horas.com.br\/mesalte\/wp-json\/wp\/v2\/posts\/8828\/revisions\/8861"}],"wp:featuredmedia":[{"embeddable":true,"href":"https:\/\/blogs.correio24horas.com.br\/mesalte\/wp-json\/wp\/v2\/media\/8843"}],"wp:attachment":[{"href":"https:\/\/blogs.correio24horas.com.br\/mesalte\/wp-json\/wp\/v2\/media?parent=8828"}],"wp:term":[{"taxonomy":"category","embeddable":true,"href":"https:\/\/blogs.correio24horas.com.br\/mesalte\/wp-json\/wp\/v2\/categories?post=8828"},{"taxonomy":"post_tag","embeddable":true,"href":"https:\/\/blogs.correio24horas.com.br\/mesalte\/wp-json\/wp\/v2\/tags?post=8828"}],"curies":[{"name":"wp","href":"https:\/\/api.w.org\/{rel}","templated":true}]}}