{"id":8615,"date":"2016-12-14T17:06:51","date_gmt":"2016-12-14T20:06:51","guid":{"rendered":"http:\/\/www.correio24horas.com.br\/blogs\/mesalte\/?p=8615"},"modified":"2016-12-19T13:10:27","modified_gmt":"2016-12-19T16:10:27","slug":"sarau-trans-encerra-temporada-do-projeto-de-transs-pra-frente","status":"publish","type":"post","link":"https:\/\/blogs.correio24horas.com.br\/mesalte\/sarau-trans-encerra-temporada-do-projeto-de-transs-pra-frente\/","title":{"rendered":"Sarau Trans encerra temporada do projeto De Transs Pra Frente"},"content":{"rendered":"<p>Para encerrar o ciclo de debates de 2016, a 7\u00aa edi\u00e7\u00e3o do De Transs Pra Frente, que ocorre no dia 15 de dezembro, no Teatro Greg\u00f3rio de Mattos (Pra\u00e7a Castro Alves), ter\u00e1 como agenda central o Sarau Trans. A celebra\u00e7\u00e3o contar\u00e1 com apresenta\u00e7\u00f5es e conversas acerca de atividades art\u00edsticas executadas por pessoas trans e travestis, tanto na esfera pessoal, quanto profissional; recita\u00e7\u00e3o po\u00e9tica, apresenta\u00e7\u00e3o musical, atividade perform\u00e1tica, artes visuais e outros artivismos\u009d.<\/p>\n<p>O evento come\u00e7a \u00e0 \u00a0s 18h e ser\u00e1 facilitado por Lilin Argollo, estudante de psicologia e coordenadora do Movimento Universit\u00e1rio Trans. Est\u00e3o confirmadas nove apresenta\u00e7\u00f5es: o estudante de jornalismo Th\u00e9o Meireles acompanhar\u00e1, com seu viol\u00e3o, todas as pessoas que forem recitar poesias; Jenny M\u00fcller, atriz e estudante de artes na UFBA, apresentar\u00e1 uma performance sobre a viv\u00eancia trans; recitar\u00e3o poesias autorais a pesquisadora Viviane Vergueiro, o ativista do IBRAT Diego Nascimento, e os poetas Enzo Amorim e Ara\u00edpe Narayan. O ativista Bruno Santana, al\u00e9m da poesia, far\u00e1 um solo de berimbau. O artivista\u009d e designer \u00c0lex \u00ccgb\u00f3 levar\u00e1 gravuras para expor, e JeisiEk\u00ea, artista e pessoa trans n\u00e3o-bin\u00e1ria, far\u00e1 uma performance intitulada Pedras e Brisas\u009d, em que questiona a viol\u00eancia dos padr\u00f5es bin\u00e1rios. J\u00e1 a mulher trans negra, pedagoga e Iyalorix\u00e1, Thiffany Odara, far\u00e1 a leitura de um de seus textos. Al\u00e9m disso o Sarau contar\u00e1 com a exposi\u00e7\u00e3o de algumas obras de Juno Dexter, n\u00e3o-bin\u00e1rio, autista e artista pl\u00e1stico que pinta quadros de forma extremamente visceral.<\/p>\n<p>O evento contar\u00e1 tamb\u00e9m com a exposi\u00e7\u00e3o da primeira mostra fotogr\u00e1fica coletiva exclusivamente composta por artistas trans: Solid\u00f5es Trans e Travestis\u009d, e tamb\u00e9m com a apresenta\u00e7\u00e3o de alguns curtas e v\u00eddeos de pessoas trans e travestis brasileiras que v\u00eam fazendo artivismo\u009d da melhor qualidade.<\/p>\n<p>Esta edi\u00e7\u00e3o visa celebrar o sucesso da ocupa\u00e7\u00e3o mensal do De Transs pra Frente no Teatro Greg\u00f3rio de Mattos, fechando o ano com sens\u00edveis artistas que vivem a cidade de Salvador.<\/p>\n<p>Em janeiro, na Semana da Visibilidade Trans de 2017, o coletivo De Transs Pra Frente est\u00e1 preparando tr\u00eas dias de programa\u00e7\u00e3o no espa\u00e7o, com debates de temas diversos relativos a esta popula\u00e7\u00e3o, apresenta\u00e7\u00f5es art\u00edsticas, oficinas e desfile exclusivo com modelos trans e travestis. Em breve, traremos maiores detalhes.<\/p>\n<p><strong>Servi\u00e7o:<\/strong><br \/>\nO qu\u00ea: Sarau Trans do De Transs Pra Frente.<br \/>\nQuando: 15 de dezembro, \u00e0 \u00a0s 18h.<br \/>\nOnde: Teatro Greg\u00f3rio de Mattos (Pra\u00e7a Castro Alves).<br \/>\nQuanto: Pague Quanto Puder (a renda ser\u00e1 dividida entre as pessoas que se apresentaram no sarau).<\/p>\n","protected":false},"excerpt":{"rendered":"<p>Para encerrar o ciclo de debates de 2016, a 7\u00aa edi\u00e7\u00e3o do De Transs Pra Frente, que ocorre no dia 15 de dezembro, no Teatro Greg\u00f3rio [&hellip;]<\/p>\n","protected":false},"author":2,"featured_media":8616,"comment_status":"open","ping_status":"open","sticky":false,"template":"","format":"image","meta":{"footnotes":""},"categories":[9],"tags":[],"class_list":["post-8615","post","type-post","status-publish","format-image","has-post-thumbnail","hentry","category-me-orgulho","post_format-post-format-image"],"_links":{"self":[{"href":"https:\/\/blogs.correio24horas.com.br\/mesalte\/wp-json\/wp\/v2\/posts\/8615","targetHints":{"allow":["GET"]}}],"collection":[{"href":"https:\/\/blogs.correio24horas.com.br\/mesalte\/wp-json\/wp\/v2\/posts"}],"about":[{"href":"https:\/\/blogs.correio24horas.com.br\/mesalte\/wp-json\/wp\/v2\/types\/post"}],"author":[{"embeddable":true,"href":"https:\/\/blogs.correio24horas.com.br\/mesalte\/wp-json\/wp\/v2\/users\/2"}],"replies":[{"embeddable":true,"href":"https:\/\/blogs.correio24horas.com.br\/mesalte\/wp-json\/wp\/v2\/comments?post=8615"}],"version-history":[{"count":1,"href":"https:\/\/blogs.correio24horas.com.br\/mesalte\/wp-json\/wp\/v2\/posts\/8615\/revisions"}],"predecessor-version":[{"id":8617,"href":"https:\/\/blogs.correio24horas.com.br\/mesalte\/wp-json\/wp\/v2\/posts\/8615\/revisions\/8617"}],"wp:featuredmedia":[{"embeddable":true,"href":"https:\/\/blogs.correio24horas.com.br\/mesalte\/wp-json\/wp\/v2\/media\/8616"}],"wp:attachment":[{"href":"https:\/\/blogs.correio24horas.com.br\/mesalte\/wp-json\/wp\/v2\/media?parent=8615"}],"wp:term":[{"taxonomy":"category","embeddable":true,"href":"https:\/\/blogs.correio24horas.com.br\/mesalte\/wp-json\/wp\/v2\/categories?post=8615"},{"taxonomy":"post_tag","embeddable":true,"href":"https:\/\/blogs.correio24horas.com.br\/mesalte\/wp-json\/wp\/v2\/tags?post=8615"}],"curies":[{"name":"wp","href":"https:\/\/api.w.org\/{rel}","templated":true}]}}