{"id":8609,"date":"2016-12-13T16:56:29","date_gmt":"2016-12-13T19:56:29","guid":{"rendered":"http:\/\/www.correio24horas.com.br\/blogs\/mesalte\/?p=8609"},"modified":"2016-12-13T16:57:16","modified_gmt":"2016-12-13T19:57:16","slug":"relator-pede-suspensao-do-mandato-de-jean-wyllys-por-cusparada-em-jair-bolsonaro","status":"publish","type":"post","link":"https:\/\/blogs.correio24horas.com.br\/mesalte\/relator-pede-suspensao-do-mandato-de-jean-wyllys-por-cusparada-em-jair-bolsonaro\/","title":{"rendered":"Relator pede suspens\u00e3o do mandato de Jean Wyllys  por cusparada em Jair Bolsonaro"},"content":{"rendered":"<p>O epis\u00f3dio da cusparada que o deputado Jean Wyllys (Psol-RJ) deu no tamb\u00e9m deputado Jair Bolsonaro ainda est\u00e1 rendendo. Nesta ter\u00e7a-feira (13) o relator do caso, deputado Ricardo Izar (PP-SP) no Conselho de \u00c9tica recomendou que haja uma suspens\u00e3o do mandato de Jean por quatro meses.<\/p>\n<p>O relator disse que a cusparada foi uma conduta de &#8220;alto grau de reprovabilidade&#8221;. O caso aconteceu no dia 17 de abril deste ano quando estava sendo votado o impeachment da ent\u00e3o presidente Dilma. A decis\u00e3o, contudo, n\u00e3o sair\u00e1 hoje pois h\u00e1 pedido de vistas no processo pelo deputado J\u00falio Delgado (PPS-MG).<\/p>\n","protected":false},"excerpt":{"rendered":"<p>O epis\u00f3dio da cusparada que o deputado Jean Wyllys (Psol-RJ) deu no tamb\u00e9m deputado Jair Bolsonaro ainda est\u00e1 rendendo. Nesta ter\u00e7a-feira (13) o relator do caso, [&hellip;]<\/p>\n","protected":false},"author":1,"featured_media":8533,"comment_status":"open","ping_status":"open","sticky":false,"template":"","format":"image","meta":{"footnotes":""},"categories":[80,11],"tags":[],"class_list":["post-8609","post","type-post","status-publish","format-image","has-post-thumbnail","hentry","category-home","category-me-informo","post_format-post-format-image"],"_links":{"self":[{"href":"https:\/\/blogs.correio24horas.com.br\/mesalte\/wp-json\/wp\/v2\/posts\/8609","targetHints":{"allow":["GET"]}}],"collection":[{"href":"https:\/\/blogs.correio24horas.com.br\/mesalte\/wp-json\/wp\/v2\/posts"}],"about":[{"href":"https:\/\/blogs.correio24horas.com.br\/mesalte\/wp-json\/wp\/v2\/types\/post"}],"author":[{"embeddable":true,"href":"https:\/\/blogs.correio24horas.com.br\/mesalte\/wp-json\/wp\/v2\/users\/1"}],"replies":[{"embeddable":true,"href":"https:\/\/blogs.correio24horas.com.br\/mesalte\/wp-json\/wp\/v2\/comments?post=8609"}],"version-history":[{"count":2,"href":"https:\/\/blogs.correio24horas.com.br\/mesalte\/wp-json\/wp\/v2\/posts\/8609\/revisions"}],"predecessor-version":[{"id":8611,"href":"https:\/\/blogs.correio24horas.com.br\/mesalte\/wp-json\/wp\/v2\/posts\/8609\/revisions\/8611"}],"wp:featuredmedia":[{"embeddable":true,"href":"https:\/\/blogs.correio24horas.com.br\/mesalte\/wp-json\/wp\/v2\/media\/8533"}],"wp:attachment":[{"href":"https:\/\/blogs.correio24horas.com.br\/mesalte\/wp-json\/wp\/v2\/media?parent=8609"}],"wp:term":[{"taxonomy":"category","embeddable":true,"href":"https:\/\/blogs.correio24horas.com.br\/mesalte\/wp-json\/wp\/v2\/categories?post=8609"},{"taxonomy":"post_tag","embeddable":true,"href":"https:\/\/blogs.correio24horas.com.br\/mesalte\/wp-json\/wp\/v2\/tags?post=8609"}],"curies":[{"name":"wp","href":"https:\/\/api.w.org\/{rel}","templated":true}]}}