{"id":8579,"date":"2016-12-10T23:02:31","date_gmt":"2016-12-11T02:02:31","guid":{"rendered":"http:\/\/www.correio24horas.com.br\/blogs\/mesalte\/?p=8579"},"modified":"2016-12-19T13:11:05","modified_gmt":"2016-12-19T16:11:05","slug":"madero-faz-jantar-beneficente-em-prol-do-martagao-gesteira","status":"publish","type":"post","link":"https:\/\/blogs.correio24horas.com.br\/mesalte\/madero-faz-jantar-beneficente-em-prol-do-martagao-gesteira\/","title":{"rendered":"Madero faz jantar beneficente em prol do Martag\u00e3o Gesteira"},"content":{"rendered":"<p>O restaurante Madero abrir\u00e1 sua segunda unidade em Salvador no terceiro piso do Salvador Shopping para o p\u00fablico em geral no dia \u00c2\u00a014 de dezembro, \u00e0 \u00a0s 18h. Mas, um dia antes (13), o chef e empres\u00e1rio Junior Durski, far\u00e1 um evento beneficente de pr\u00e9-inaugura\u00e7\u00e3o.\u00c2\u00a0Para o jantar beneficente de pr\u00e9-inaugura\u00e7\u00e3o, ser\u00e3o comercializados convites, no valor de R$ 100 cada, que dar\u00e3o direito a um menu exclusivo que inclui bebidas, entradas, prato principal e sobremesa. Toda a renda arrecadada neste dia ser\u00e1 doada para o Hospital Martag\u00e3o Gesteira &#8211; institui\u00e7\u00e3o filantr\u00f3pica que h\u00e1 52 anos atende crian\u00e7as e adolescentes da Bahia.<\/p>\n<p>Os convites para a pr\u00e9-inaugura\u00e7\u00e3o s\u00e3o limitados e devem ser adquiridos antecipadamente no Martag\u00e3o Gesteira e na loja Chez Cohen, do Salvador Shopping, localizada no 2\u00ba Piso. O novo restaurante ter\u00e1 cerca de 215 metros quadrados, divididos em dois pisos, com capacidade para 92 pessoas, e ser\u00e1 aberto ao p\u00fablico no dia ap\u00f3s o evento beneficente, 14 de dezembro.<\/p>\n<p>Quando o or\u00e7amento p\u00fablico n\u00e3o \u00e9 suficiente, resta, portanto, o apoio da sociedade civil. Das empresas solid\u00e1rias, dos homens e mulheres de bem. Enfim, daqueles que acreditam que somando esfor\u00e7os \u00e9 poss\u00edvel mudar a realidade. Que acreditam ser poss\u00edvel oferecer a todas as crian\u00e7as que nos chegam, um acolhimento humano, um tratamento eficiente e principalmente, a chance de seguirem o curso natural das suas vidas, seus sonhos e esperan\u00e7as. Sem parceiros como o Restaurante Madero, nossa miss\u00e3o seria imposs\u00edvel. Nossos objetivos estariam mais distantes&#8221;, diz o presidente da Liga \u00e0 \u0081lvaro Bahia Contra a Mortalidade Infantil, Carlos Emanuel Rocha de Melo. A entidade \u00e9 mantenedora do Martag\u00e3o Gesteira.<\/p>\n<p>Para o chef e empres\u00e1rio Junior Durski,\u00c2\u00a0que comanda tamb\u00e9m a unidade do Shopping Barra, a escolha do Salvador Shopping para abrir um novo restaurante \u00e9 estrat\u00e9gica. A regi\u00e3o da Tancredo Neves \u00e9 uma das localiza\u00e7\u00f5es de maior circula\u00e7\u00e3o da cidade \u201c cora\u00e7\u00e3o da nova \u00e1rea de com\u00e9rcio da capital baiana -, al\u00e9m de o Salvador Shopping ser um dos maiores estabelecimentos comerciais do estado. Os baianos t\u00eam recebido muito bem o Madero e estamos confiantes no sucesso\u009d, afirma o empres\u00e1rio.<\/p>\n","protected":false},"excerpt":{"rendered":"<p>O restaurante Madero abrir\u00e1 sua segunda unidade em Salvador no terceiro piso do Salvador Shopping para o p\u00fablico em geral no dia \u00c2\u00a014 de dezembro, \u00e0 [&hellip;]<\/p>\n","protected":false},"author":1,"featured_media":8580,"comment_status":"open","ping_status":"open","sticky":false,"template":"","format":"image","meta":{"footnotes":""},"categories":[16],"tags":[],"class_list":["post-8579","post","type-post","status-publish","format-image","has-post-thumbnail","hentry","category-me-jogo","post_format-post-format-image"],"_links":{"self":[{"href":"https:\/\/blogs.correio24horas.com.br\/mesalte\/wp-json\/wp\/v2\/posts\/8579","targetHints":{"allow":["GET"]}}],"collection":[{"href":"https:\/\/blogs.correio24horas.com.br\/mesalte\/wp-json\/wp\/v2\/posts"}],"about":[{"href":"https:\/\/blogs.correio24horas.com.br\/mesalte\/wp-json\/wp\/v2\/types\/post"}],"author":[{"embeddable":true,"href":"https:\/\/blogs.correio24horas.com.br\/mesalte\/wp-json\/wp\/v2\/users\/1"}],"replies":[{"embeddable":true,"href":"https:\/\/blogs.correio24horas.com.br\/mesalte\/wp-json\/wp\/v2\/comments?post=8579"}],"version-history":[{"count":1,"href":"https:\/\/blogs.correio24horas.com.br\/mesalte\/wp-json\/wp\/v2\/posts\/8579\/revisions"}],"predecessor-version":[{"id":8581,"href":"https:\/\/blogs.correio24horas.com.br\/mesalte\/wp-json\/wp\/v2\/posts\/8579\/revisions\/8581"}],"wp:featuredmedia":[{"embeddable":true,"href":"https:\/\/blogs.correio24horas.com.br\/mesalte\/wp-json\/wp\/v2\/media\/8580"}],"wp:attachment":[{"href":"https:\/\/blogs.correio24horas.com.br\/mesalte\/wp-json\/wp\/v2\/media?parent=8579"}],"wp:term":[{"taxonomy":"category","embeddable":true,"href":"https:\/\/blogs.correio24horas.com.br\/mesalte\/wp-json\/wp\/v2\/categories?post=8579"},{"taxonomy":"post_tag","embeddable":true,"href":"https:\/\/blogs.correio24horas.com.br\/mesalte\/wp-json\/wp\/v2\/tags?post=8579"}],"curies":[{"name":"wp","href":"https:\/\/api.w.org\/{rel}","templated":true}]}}