{"id":8568,"date":"2016-12-10T15:21:18","date_gmt":"2016-12-10T18:21:18","guid":{"rendered":"http:\/\/www.correio24horas.com.br\/blogs\/mesalte\/?p=8568"},"modified":"2016-12-12T14:02:18","modified_gmt":"2016-12-12T17:02:18","slug":"vocalista-da-banda-vingadora-usara-figurino-da-drag-ferah-sunshine-na-parada-lgbt-do-rio-de-janeiro","status":"publish","type":"post","link":"https:\/\/blogs.correio24horas.com.br\/mesalte\/vocalista-da-banda-vingadora-usara-figurino-da-drag-ferah-sunshine-na-parada-lgbt-do-rio-de-janeiro\/","title":{"rendered":"Vocalista da Banda Vingadora usar\u00e1 figurino da drag Ferah Sunshine na parada LGBT do Rio de Janeiro"},"content":{"rendered":"<p>A Banda Vingadora, comandada pela cantora Tays Reis, ser\u00e1 uma das atra\u00e7\u00f5es da parada o da 21\u00aa edi\u00e7\u00e3o da Parada do Orgulho LGBT, que acontecer\u00e1 no Rio de Janeiro neste domingo (11). Para arrasar no desfile, Tays preparou um figurino especial com um toque drag. Ela vai usar um look da drag queen Ferah Sunshine &#8211; feito pelo ateli\u00ea Fabulous &#8211; na apresenta\u00e7\u00e3o que tem como tema Eu sou minha identidade de g\u00eanero\u009d. A roupa que Tays usar\u00e1 \u00e9 a mesma que Ferah usou na festa Noite Fabulosa,\u00c2\u00a0em setembro. Veja abaixo o look&gt;&gt;<\/p>\n<div id=\"attachment_8569\" style=\"width: 650px\" class=\"wp-caption aligncenter\"><img loading=\"lazy\" decoding=\"async\" aria-describedby=\"caption-attachment-8569\" class=\"wp-image-8569 size-full\" src=\"http:\/\/www.correio24horas.com.br\/blogs\/mesalte\/wp-content\/uploads\/2016\/12\/Roupa-Ferah.jpg\" alt=\"Roupa Ferah\" width=\"640\" height=\"800\" srcset=\"https:\/\/blogs.correio24h.com.br\/mesalte\/wp-content\/uploads\/2016\/12\/Roupa-Ferah.jpg 640w, https:\/\/blogs.correio24h.com.br\/mesalte\/wp-content\/uploads\/2016\/12\/Roupa-Ferah-240x300.jpg 240w, https:\/\/blogs.correio24h.com.br\/mesalte\/wp-content\/uploads\/2016\/12\/Roupa-Ferah-117x146.jpg 117w, https:\/\/blogs.correio24h.com.br\/mesalte\/wp-content\/uploads\/2016\/12\/Roupa-Ferah-40x50.jpg 40w, https:\/\/blogs.correio24h.com.br\/mesalte\/wp-content\/uploads\/2016\/12\/Roupa-Ferah-60x75.jpg 60w\" sizes=\"auto, (max-width: 640px) 100vw, 640px\" \/><p id=\"caption-attachment-8569\" class=\"wp-caption-text\">Tays usar\u00e1 figurino de Ferah Sunshine na parada do Rio<\/p><\/div>\n<p>O evento contar\u00e1 ainda com participa\u00e7\u00f5es das cantoras Ludmilla, Lexa e Iza, al\u00e9m da abertura feita pela transformista Jane Di Castro.\u00c2\u00a0O evento previsto para reunir um milh\u00e3o de pessoas ter\u00e1 oito trios el\u00e9tricos que desfilar\u00e3o pela praia de Copacabana, a mais bela do Rio de Janiero.<\/p>\n","protected":false},"excerpt":{"rendered":"<p>A Banda Vingadora, comandada pela cantora Tays Reis, ser\u00e1 uma das atra\u00e7\u00f5es da parada o da 21\u00aa edi\u00e7\u00e3o da Parada do Orgulho LGBT, que acontecer\u00e1 no [&hellip;]<\/p>\n","protected":false},"author":1,"featured_media":8570,"comment_status":"open","ping_status":"open","sticky":false,"template":"","format":"image","meta":{"footnotes":""},"categories":[28],"tags":[],"class_list":["post-8568","post","type-post","status-publish","format-image","has-post-thumbnail","hentry","category-farofa-digital","post_format-post-format-image"],"_links":{"self":[{"href":"https:\/\/blogs.correio24horas.com.br\/mesalte\/wp-json\/wp\/v2\/posts\/8568","targetHints":{"allow":["GET"]}}],"collection":[{"href":"https:\/\/blogs.correio24horas.com.br\/mesalte\/wp-json\/wp\/v2\/posts"}],"about":[{"href":"https:\/\/blogs.correio24horas.com.br\/mesalte\/wp-json\/wp\/v2\/types\/post"}],"author":[{"embeddable":true,"href":"https:\/\/blogs.correio24horas.com.br\/mesalte\/wp-json\/wp\/v2\/users\/1"}],"replies":[{"embeddable":true,"href":"https:\/\/blogs.correio24horas.com.br\/mesalte\/wp-json\/wp\/v2\/comments?post=8568"}],"version-history":[{"count":1,"href":"https:\/\/blogs.correio24horas.com.br\/mesalte\/wp-json\/wp\/v2\/posts\/8568\/revisions"}],"predecessor-version":[{"id":8571,"href":"https:\/\/blogs.correio24horas.com.br\/mesalte\/wp-json\/wp\/v2\/posts\/8568\/revisions\/8571"}],"wp:featuredmedia":[{"embeddable":true,"href":"https:\/\/blogs.correio24horas.com.br\/mesalte\/wp-json\/wp\/v2\/media\/8570"}],"wp:attachment":[{"href":"https:\/\/blogs.correio24horas.com.br\/mesalte\/wp-json\/wp\/v2\/media?parent=8568"}],"wp:term":[{"taxonomy":"category","embeddable":true,"href":"https:\/\/blogs.correio24horas.com.br\/mesalte\/wp-json\/wp\/v2\/categories?post=8568"},{"taxonomy":"post_tag","embeddable":true,"href":"https:\/\/blogs.correio24horas.com.br\/mesalte\/wp-json\/wp\/v2\/tags?post=8568"}],"curies":[{"name":"wp","href":"https:\/\/api.w.org\/{rel}","templated":true}]}}