{"id":8548,"date":"2016-12-09T07:18:47","date_gmt":"2016-12-09T10:18:47","guid":{"rendered":"http:\/\/www.correio24horas.com.br\/blogs\/mesalte\/?p=8548"},"modified":"2016-12-12T07:45:25","modified_gmt":"2016-12-12T10:45:25","slug":"transexuais-sao-agredidas-por-segurancas-de-shopping-veja-video","status":"publish","type":"post","link":"https:\/\/blogs.correio24horas.com.br\/mesalte\/transexuais-sao-agredidas-por-segurancas-de-shopping-veja-video\/","title":{"rendered":"Transexuais s\u00e3o agredidas por seguran\u00e7as de shopping; veja v\u00eddeo"},"content":{"rendered":"<p>Tr\u00eas mulheres transexuais foram agredidas na \u00faltima segunda-feira (05) quando estavam no\u00c2\u00a0Shopping Esta\u00e7\u00e3o, em Curitiba. Em entrevista ao portal LadoA, Rafaelly Wiest, do Transgrupo Marcela Prado, afirmou que as mulheres estavam com um suposto cliente &#8211; que estava com a esposa na pra\u00e7a de alimenta\u00e7\u00e3o &#8211; e houve um desentendimento. Ele teria sido cobrado por um programa que fez com uma das mulheres, mas n\u00e3o teria pago o valor combinado. O v\u00eddeo da a\u00e7\u00e3o dos seguran\u00e7as foi divulgado nas redes sociais.<\/p>\n<p>Nas imagens, \u00e9 poss\u00edvel ver um homem, de camisa clara, agredindo as mo\u00e7as, e cinco seguran\u00e7as fazendo o trabalho de media\u00e7\u00e3o do conflito, mas fazendo isso de forma agressiva. \u00c2\u00a0Em nota enviada para ao Me Salte, a assessoria de imprensa do shopping afirmou: &#8220;O Shopping esclarece que repudia qualquer ato de discrimina\u00e7\u00e3o e afirma que a equipe terceirizada que presta servi\u00e7os agiu para conter uma briga entre clientes e garantir a seguran\u00e7a do p\u00fablico presente. Os seguran\u00e7as terceirizados envolvidos no epis\u00f3dio foram afastados at\u00e9 que todos os fatos sejam apurados. O Shopping frisa ainda que acionou as autoridades policiais no momento do ocorrido e est\u00e1 \u00e0 \u00a0 disposi\u00e7\u00e3o para prestar esclarecimentos nas investiga\u00e7\u00f5es&#8221;.<\/p>\n<p>Veja o v\u00eddeo da agress\u00e3o:<\/p>\n<p><iframe loading=\"lazy\" src=\"https:\/\/www.youtube.com\/embed\/NKdnH1ErdyQ\" width=\"560\" height=\"315\" frameborder=\"0\" allowfullscreen=\"allowfullscreen\"><\/iframe><\/p>\n","protected":false},"excerpt":{"rendered":"<p>Tr\u00eas mulheres transexuais foram agredidas na \u00faltima segunda-feira (05) quando estavam no\u00c2\u00a0Shopping Esta\u00e7\u00e3o, em Curitiba. Em entrevista ao portal LadoA, Rafaelly Wiest, do Transgrupo Marcela Prado, [&hellip;]<\/p>\n","protected":false},"author":1,"featured_media":8549,"comment_status":"open","ping_status":"open","sticky":false,"template":"","format":"image","meta":{"footnotes":""},"categories":[80,11],"tags":[],"class_list":["post-8548","post","type-post","status-publish","format-image","has-post-thumbnail","hentry","category-home","category-me-informo","post_format-post-format-image"],"_links":{"self":[{"href":"https:\/\/blogs.correio24horas.com.br\/mesalte\/wp-json\/wp\/v2\/posts\/8548","targetHints":{"allow":["GET"]}}],"collection":[{"href":"https:\/\/blogs.correio24horas.com.br\/mesalte\/wp-json\/wp\/v2\/posts"}],"about":[{"href":"https:\/\/blogs.correio24horas.com.br\/mesalte\/wp-json\/wp\/v2\/types\/post"}],"author":[{"embeddable":true,"href":"https:\/\/blogs.correio24horas.com.br\/mesalte\/wp-json\/wp\/v2\/users\/1"}],"replies":[{"embeddable":true,"href":"https:\/\/blogs.correio24horas.com.br\/mesalte\/wp-json\/wp\/v2\/comments?post=8548"}],"version-history":[{"count":2,"href":"https:\/\/blogs.correio24horas.com.br\/mesalte\/wp-json\/wp\/v2\/posts\/8548\/revisions"}],"predecessor-version":[{"id":8582,"href":"https:\/\/blogs.correio24horas.com.br\/mesalte\/wp-json\/wp\/v2\/posts\/8548\/revisions\/8582"}],"wp:featuredmedia":[{"embeddable":true,"href":"https:\/\/blogs.correio24horas.com.br\/mesalte\/wp-json\/wp\/v2\/media\/8549"}],"wp:attachment":[{"href":"https:\/\/blogs.correio24horas.com.br\/mesalte\/wp-json\/wp\/v2\/media?parent=8548"}],"wp:term":[{"taxonomy":"category","embeddable":true,"href":"https:\/\/blogs.correio24horas.com.br\/mesalte\/wp-json\/wp\/v2\/categories?post=8548"},{"taxonomy":"post_tag","embeddable":true,"href":"https:\/\/blogs.correio24horas.com.br\/mesalte\/wp-json\/wp\/v2\/tags?post=8548"}],"curies":[{"name":"wp","href":"https:\/\/api.w.org\/{rel}","templated":true}]}}