{"id":8532,"date":"2016-12-08T13:17:40","date_gmt":"2016-12-08T16:17:40","guid":{"rendered":"http:\/\/www.correio24horas.com.br\/blogs\/mesalte\/?p=8532"},"modified":"2016-12-08T16:11:30","modified_gmt":"2016-12-08T19:11:30","slug":"video-de-bolsonaro-contra-jean-wyllys-e-montagem-diz-pericia","status":"publish","type":"post","link":"https:\/\/blogs.correio24horas.com.br\/mesalte\/video-de-bolsonaro-contra-jean-wyllys-e-montagem-diz-pericia\/","title":{"rendered":"V\u00eddeo de Bolsonaro contra Jean Wyllys \u00e9 montagem, diz per\u00edcia"},"content":{"rendered":"<p>Uma per\u00edcia da Pol\u00edcia Civil do Distrito Federal constatou que o v\u00eddeo divulgado pelo deputado federal Eduardo Bolsonaro, filho de Jair Bolsonaro, n\u00e3o \u00e9 verdadeiro e n\u00e3o passa de uma montagem. A informa\u00e7\u00e3o foi publicada nesta quinta-feira (08) pela coluna do jornalista\u00c2\u00a0Lauro Jardim, do jornal O Globo. A per\u00edcia foi feita a pedido do Conselho de \u00c9tica da C\u00e2mara. No v\u00eddeo, Eduardo Bolsonaro acusa Jean Willys de cuspir no pai dele no dia da abertura do processo de impeachment da ex-presidente Dilma Rousseff.\u00c2\u00a0O v\u00eddeo foi postado por Eduardo Bolsonaro no dia seguinte ao impeachment e mostra legendas sobre uma fala inaud\u00edvel de Jean Willys para Chico Alencar. O texto diz: &#8220;Eu vou cuspir na cara do Bolsonaro, Chico&#8221;. Hoje, pelas suas redes sociais Jean comemorou escrevendo: &#8220;A justi\u00e7a tarda, mas sempre chega&#8230;&#8221;.<\/p>\n<p>Veja o v\u00eddeo:<\/p>\n<p><iframe loading=\"lazy\" src=\"https:\/\/www.youtube.com\/embed\/xqdlLtzDcXU\" width=\"560\" height=\"315\" frameborder=\"0\" allowfullscreen=\"allowfullscreen\"><\/iframe><\/p>\n","protected":false},"excerpt":{"rendered":"<p>Uma per\u00edcia da Pol\u00edcia Civil do Distrito Federal constatou que o v\u00eddeo divulgado pelo deputado federal Eduardo Bolsonaro, filho de Jair Bolsonaro, n\u00e3o \u00e9 verdadeiro e [&hellip;]<\/p>\n","protected":false},"author":1,"featured_media":8533,"comment_status":"open","ping_status":"open","sticky":false,"template":"","format":"image","meta":{"footnotes":""},"categories":[80,11],"tags":[465],"class_list":["post-8532","post","type-post","status-publish","format-image","has-post-thumbnail","hentry","category-home","category-me-informo","tag-jeanwyllys","post_format-post-format-image"],"_links":{"self":[{"href":"https:\/\/blogs.correio24horas.com.br\/mesalte\/wp-json\/wp\/v2\/posts\/8532","targetHints":{"allow":["GET"]}}],"collection":[{"href":"https:\/\/blogs.correio24horas.com.br\/mesalte\/wp-json\/wp\/v2\/posts"}],"about":[{"href":"https:\/\/blogs.correio24horas.com.br\/mesalte\/wp-json\/wp\/v2\/types\/post"}],"author":[{"embeddable":true,"href":"https:\/\/blogs.correio24horas.com.br\/mesalte\/wp-json\/wp\/v2\/users\/1"}],"replies":[{"embeddable":true,"href":"https:\/\/blogs.correio24horas.com.br\/mesalte\/wp-json\/wp\/v2\/comments?post=8532"}],"version-history":[{"count":2,"href":"https:\/\/blogs.correio24horas.com.br\/mesalte\/wp-json\/wp\/v2\/posts\/8532\/revisions"}],"predecessor-version":[{"id":8537,"href":"https:\/\/blogs.correio24horas.com.br\/mesalte\/wp-json\/wp\/v2\/posts\/8532\/revisions\/8537"}],"wp:featuredmedia":[{"embeddable":true,"href":"https:\/\/blogs.correio24horas.com.br\/mesalte\/wp-json\/wp\/v2\/media\/8533"}],"wp:attachment":[{"href":"https:\/\/blogs.correio24horas.com.br\/mesalte\/wp-json\/wp\/v2\/media?parent=8532"}],"wp:term":[{"taxonomy":"category","embeddable":true,"href":"https:\/\/blogs.correio24horas.com.br\/mesalte\/wp-json\/wp\/v2\/categories?post=8532"},{"taxonomy":"post_tag","embeddable":true,"href":"https:\/\/blogs.correio24horas.com.br\/mesalte\/wp-json\/wp\/v2\/tags?post=8532"}],"curies":[{"name":"wp","href":"https:\/\/api.w.org\/{rel}","templated":true}]}}