{"id":8326,"date":"2016-11-27T15:14:06","date_gmt":"2016-11-27T18:14:06","guid":{"rendered":"http:\/\/www.correio24horas.com.br\/blogs\/mesalte\/?p=8326"},"modified":"2016-11-27T15:14:06","modified_gmt":"2016-11-27T18:14:06","slug":"daniela-mercury-posta-foto-ao-lado-de-fernanda-gentil-com-suas-companheiras-lindas-e-apaixonadas","status":"publish","type":"post","link":"https:\/\/blogs.correio24horas.com.br\/mesalte\/daniela-mercury-posta-foto-ao-lado-de-fernanda-gentil-com-suas-companheiras-lindas-e-apaixonadas\/","title":{"rendered":"Daniela Mercury posta foto ao lado de Fernanda Gentil com suas companheiras: &#8220;lindas e apaixonadas&#8221;"},"content":{"rendered":"<p>Um encontro de casais bem fofo aconteceu na \u00faltima sexta-feira.\u00c2\u00a0A cantora Daniela Mercury postou em seu instagram uma foto ao lado da apresentadora Fernanda Gentil. Na imagem elas estavam com as jornalistas Malu Ver\u00e7osa e Priscila Montandon, respectivamente esposa de Daniela e namorada de Fernanda\u00c2\u00a0&#8220;Lindas e apaixonadas, celebrando a vida&#8230; Sambando&#8221;, escreveu Daniela. O encontro aconteceu na noite de sexta-feira (25) no anivers\u00e1rio de Fernanda de 30 anos que aconteceu em um bar na Barra da Tijuca no Rio de Janeiro. Em resposta, Gentil comentou na postagem de Daniela: &#8220;Adoreeeeeei. Obrigada, obrigada, obrigada mil vezes pela presen\u00e7a de voc\u00eas e pelo show particular&#8221;.<\/p>\n<p>Ao deixar o local, as Fernanda e Priscila \u00c2\u00a0trocaram beijos e acompanharam Daniela at\u00e9 o carro antes de sa\u00edrem de m\u00e3os dadas. O romance entre Fernanda e Priscila foi revelado em setembro deste ano, durante uma entrevista. O namoro teve in\u00edcio ap\u00f3s Fernanda se separar do empres\u00e1rio Matheus Braga, com quem era casada e teve um filho, o pequeno Gabriel.<\/p>\n<div id=\"attachment_8327\" style=\"width: 610px\" class=\"wp-caption aligncenter\"><img loading=\"lazy\" decoding=\"async\" aria-describedby=\"caption-attachment-8327\" class=\"size-full wp-image-8327\" src=\"http:\/\/www.correio24horas.com.br\/blogs\/mesalte\/wp-content\/uploads\/2016\/11\/RTEmagicC_fernandabeijo.jpg.jpg\" alt=\"Foto: AGNews \" width=\"600\" height=\"430\" srcset=\"https:\/\/blogs.correio24h.com.br\/mesalte\/wp-content\/uploads\/2016\/11\/RTEmagicC_fernandabeijo.jpg.jpg 600w, https:\/\/blogs.correio24h.com.br\/mesalte\/wp-content\/uploads\/2016\/11\/RTEmagicC_fernandabeijo.jpg-300x215.jpg 300w, https:\/\/blogs.correio24h.com.br\/mesalte\/wp-content\/uploads\/2016\/11\/RTEmagicC_fernandabeijo.jpg-204x146.jpg 204w, https:\/\/blogs.correio24h.com.br\/mesalte\/wp-content\/uploads\/2016\/11\/RTEmagicC_fernandabeijo.jpg-50x36.jpg 50w, https:\/\/blogs.correio24h.com.br\/mesalte\/wp-content\/uploads\/2016\/11\/RTEmagicC_fernandabeijo.jpg-105x75.jpg 105w\" sizes=\"auto, (max-width: 600px) 100vw, 600px\" \/><p id=\"caption-attachment-8327\" class=\"wp-caption-text\">Foto: AGNews<\/p><\/div>\n<p>&nbsp;<\/p>\n<p>&#8220;Estou s\u00f3 exercendo meu direito de ser muito, muito feliz&#8221;, disse ela na \u00e9poca. Para comemorar as tr\u00eas d\u00e9cadas, Fernanda dividiu a festa em tr\u00eas partes. A primeira foi apenas para a fam\u00edlia, a segunda para os amigos e a terceira deve acontecer na pr\u00f3xima semana.<\/p>\n<p>&nbsp;<\/p>\n","protected":false},"excerpt":{"rendered":"<p>Um encontro de casais bem fofo aconteceu na \u00faltima sexta-feira.\u00c2\u00a0A cantora Daniela Mercury postou em seu instagram uma foto ao lado da apresentadora Fernanda Gentil. Na [&hellip;]<\/p>\n","protected":false},"author":1,"featured_media":8328,"comment_status":"open","ping_status":"open","sticky":false,"template":"","format":"image","meta":{"footnotes":""},"categories":[28,80],"tags":[],"class_list":["post-8326","post","type-post","status-publish","format-image","has-post-thumbnail","hentry","category-farofa-digital","category-home","post_format-post-format-image"],"_links":{"self":[{"href":"https:\/\/blogs.correio24horas.com.br\/mesalte\/wp-json\/wp\/v2\/posts\/8326","targetHints":{"allow":["GET"]}}],"collection":[{"href":"https:\/\/blogs.correio24horas.com.br\/mesalte\/wp-json\/wp\/v2\/posts"}],"about":[{"href":"https:\/\/blogs.correio24horas.com.br\/mesalte\/wp-json\/wp\/v2\/types\/post"}],"author":[{"embeddable":true,"href":"https:\/\/blogs.correio24horas.com.br\/mesalte\/wp-json\/wp\/v2\/users\/1"}],"replies":[{"embeddable":true,"href":"https:\/\/blogs.correio24horas.com.br\/mesalte\/wp-json\/wp\/v2\/comments?post=8326"}],"version-history":[{"count":1,"href":"https:\/\/blogs.correio24horas.com.br\/mesalte\/wp-json\/wp\/v2\/posts\/8326\/revisions"}],"predecessor-version":[{"id":8329,"href":"https:\/\/blogs.correio24horas.com.br\/mesalte\/wp-json\/wp\/v2\/posts\/8326\/revisions\/8329"}],"wp:featuredmedia":[{"embeddable":true,"href":"https:\/\/blogs.correio24horas.com.br\/mesalte\/wp-json\/wp\/v2\/media\/8328"}],"wp:attachment":[{"href":"https:\/\/blogs.correio24horas.com.br\/mesalte\/wp-json\/wp\/v2\/media?parent=8326"}],"wp:term":[{"taxonomy":"category","embeddable":true,"href":"https:\/\/blogs.correio24horas.com.br\/mesalte\/wp-json\/wp\/v2\/categories?post=8326"},{"taxonomy":"post_tag","embeddable":true,"href":"https:\/\/blogs.correio24horas.com.br\/mesalte\/wp-json\/wp\/v2\/tags?post=8326"}],"curies":[{"name":"wp","href":"https:\/\/api.w.org\/{rel}","templated":true}]}}