{"id":8037,"date":"2016-11-18T07:30:36","date_gmt":"2016-11-18T10:30:36","guid":{"rendered":"http:\/\/www.correio24horas.com.br\/blogs\/mesalte\/?p=8037"},"modified":"2016-11-21T16:24:23","modified_gmt":"2016-11-21T19:24:23","slug":"o-outro-lado-de-todas-as-coisas-encerra-temporada-noencerr-teatro-moliere","status":"publish","type":"post","link":"https:\/\/blogs.correio24horas.com.br\/mesalte\/o-outro-lado-de-todas-as-coisas-encerra-temporada-noencerr-teatro-moliere\/","title":{"rendered":"O Outro Lado de Todas as Coisas encerra temporada noEncerr Teatro Moli\u00e8re"},"content":{"rendered":"<p>Encerra neste domingo (20) a curta temporada do espet\u00e1culo &#8220;O Outro Lado de Todas as Coisas&#8221; no Teatro Moli\u00e8re, em Salvador.\u00c2\u00a0O espet\u00e1culo, da ATeli\u00ea voadOR Companhia de Teatro, \u00e9 um mon\u00f3logo do Duda Woyda,\u00c2\u00a0e ser\u00e1 apresentado \u00e0 \u00a0s 20h.\u00c2\u00a0O Outro Lado de Todas as Coisas \u00e9 uma dramaturgia de segunda m\u00e3o\u009d, como define o autor Djalma Th\u00fcrler, porque surge de uma conjuga\u00e7\u00e3o de ideias e coisas, gestos, sons, cores, movimentos outros: Foucault, Caio F. e Th\u00fcrler.<\/p>\n<p>Caio F. e sua impress\u00e3o do amor s\u00e3o, sem d\u00favida, as maiores raz\u00f5es dessa montagem. A sua vis\u00e3o do amor \u00e9 sempre intensa, sem redes de seguran\u00e7a. Esse universo era paradoxal, fascinava e apavorava. A pe\u00e7a fala sobre isso, n\u00e3o adianta bancar o distante, l\u00e1 vem o amor nos dilacerar de novo\u009d, descreve Th\u00fcrler.A plateia poder\u00e1 ainda conhecer um pouco mais do ator Duda Woyda que, em 2016, completa 15 anos de carreira, dos quais 10 dedicados \u00e0 \u00a0 Companhia. A montagem marca a estreia dos voadores Rafael Medrado e Marcus Lobo na dire\u00e7\u00e3o de espet\u00e1culos da Companhia.<\/p>\n<p><strong>Servi\u00e7o:<\/strong><br \/>\nO qu\u00ea: O Outro Lado de Todas as Coisas (com Duda Woyda)<br \/>\nOnde: Teatro Moli\u00e8re &#8211; Alian\u00e7a Francesa &#8211; Avenida Sete de Setembro, 401 &#8211; Ladeira da Barra<br \/>\nQuando: 12, 13 e 20 de novembro, 20h00<br \/>\nEntrada: R$ 30 (inteira) e R$ 15 (meia)<\/p>\n<p>&nbsp;<\/p>\n","protected":false},"excerpt":{"rendered":"<p>Encerra neste domingo (20) a curta temporada do espet\u00e1culo &#8220;O Outro Lado de Todas as Coisas&#8221; no Teatro Moli\u00e8re, em Salvador.\u00c2\u00a0O espet\u00e1culo, da ATeli\u00ea voadOR Companhia [&hellip;]<\/p>\n","protected":false},"author":1,"featured_media":8038,"comment_status":"open","ping_status":"open","sticky":false,"template":"","format":"image","meta":{"footnotes":""},"categories":[16],"tags":[],"class_list":["post-8037","post","type-post","status-publish","format-image","has-post-thumbnail","hentry","category-me-jogo","post_format-post-format-image"],"_links":{"self":[{"href":"https:\/\/blogs.correio24horas.com.br\/mesalte\/wp-json\/wp\/v2\/posts\/8037","targetHints":{"allow":["GET"]}}],"collection":[{"href":"https:\/\/blogs.correio24horas.com.br\/mesalte\/wp-json\/wp\/v2\/posts"}],"about":[{"href":"https:\/\/blogs.correio24horas.com.br\/mesalte\/wp-json\/wp\/v2\/types\/post"}],"author":[{"embeddable":true,"href":"https:\/\/blogs.correio24horas.com.br\/mesalte\/wp-json\/wp\/v2\/users\/1"}],"replies":[{"embeddable":true,"href":"https:\/\/blogs.correio24horas.com.br\/mesalte\/wp-json\/wp\/v2\/comments?post=8037"}],"version-history":[{"count":1,"href":"https:\/\/blogs.correio24horas.com.br\/mesalte\/wp-json\/wp\/v2\/posts\/8037\/revisions"}],"predecessor-version":[{"id":8039,"href":"https:\/\/blogs.correio24horas.com.br\/mesalte\/wp-json\/wp\/v2\/posts\/8037\/revisions\/8039"}],"wp:featuredmedia":[{"embeddable":true,"href":"https:\/\/blogs.correio24horas.com.br\/mesalte\/wp-json\/wp\/v2\/media\/8038"}],"wp:attachment":[{"href":"https:\/\/blogs.correio24horas.com.br\/mesalte\/wp-json\/wp\/v2\/media?parent=8037"}],"wp:term":[{"taxonomy":"category","embeddable":true,"href":"https:\/\/blogs.correio24horas.com.br\/mesalte\/wp-json\/wp\/v2\/categories?post=8037"},{"taxonomy":"post_tag","embeddable":true,"href":"https:\/\/blogs.correio24horas.com.br\/mesalte\/wp-json\/wp\/v2\/tags?post=8037"}],"curies":[{"name":"wp","href":"https:\/\/api.w.org\/{rel}","templated":true}]}}