{"id":8030,"date":"2016-11-17T15:27:13","date_gmt":"2016-11-17T18:27:13","guid":{"rendered":"http:\/\/www.correio24horas.com.br\/blogs\/mesalte\/?p=8030"},"modified":"2016-11-17T16:27:48","modified_gmt":"2016-11-17T19:27:48","slug":"encrespei-e-novo-single-da-musicista-luana-assiz-e-fala-sobre-empoderamento-da-mulher-negra","status":"publish","type":"post","link":"https:\/\/blogs.correio24horas.com.br\/mesalte\/encrespei-e-novo-single-da-musicista-luana-assiz-e-fala-sobre-empoderamento-da-mulher-negra\/","title":{"rendered":"Encrespei\u009d \u00e9 novo single da musicista Luana Assiz e fala de empoderamento"},"content":{"rendered":"<p>A\u00c2\u00a0 jornalista e musicista\u00c2\u00a0Luana Assiz \u00e9 uma das pessoas mais incr\u00edveis que j\u00e1 tive a oportunidade de conviver ainda nos tempos que estud\u00e1vamos na Faculdade de Comunica\u00e7\u00e3o da Universidade Federal da Bahia. Sua voz sempre foi um primor para a pr\u00e1tica jornal\u00edstica e, ao mesmo tempo, usada com maestria pelo canto. No pr\u00f3ximo domingo (20), Luana lan\u00e7a\u00c2\u00a0 em seu canal no YouTube o clipe da m\u00fasica Encrespei\u009d, de sua autoria. A composi\u00e7\u00e3o fala\u00c2\u00a0sobre a naturaliza\u00e7\u00e3o capilar e carrega a bandeira da valoriza\u00e7\u00e3o da identidade negra.<\/p>\n<p>&#8220;O tema nasce de um processo vivido pela autora, que h\u00e1 um ano decidiu iniciar sua transi\u00e7\u00e3o capilar, caminho que abre janelas para al\u00e9m da est\u00e9tica.A escolha do Dia da Consci\u00eancia Negra para o lan\u00e7amento da obra tem como objetivo acrescentar o projeto \u00e0 \u00a0s diversas express\u00f5es que fazem parte do dia 20 de novembro. \u00c9 uma forma de colocar a minha voz ao lado de tantas outras que gritam por representatividade numa data que nos convida a (re)avaliar nossos caminhos e lutas\u009d, afirma a compositora, que utilizou o samba como ritmo.<\/p>\n<p><strong>Ficha T\u00e9cnica &#8211; M\u00fasica Encrespei\u009d<br \/>\n<\/strong>Composi\u00e7\u00e3o: Luana Assiz<br \/>\nArranjo e dire\u00e7\u00e3o musical: Ataualba Meirelles<br \/>\nViol\u00e3o: Jurandir Santana<br \/>\nTrombone: Hugo Sambone<br \/>\nPercuss\u00e3o: Giba Concei\u00e7\u00e3o<br \/>\nVocal: Luana Assiz<br \/>\nBacking Vocal: Lorena Dias<br \/>\nClipe Encrespei\u009d<br \/>\nImagens, roteiro, fotografia, edi\u00e7\u00e3o e dire\u00e7\u00e3o geral: Peu Teles<br \/>\nMaquiagem e dire\u00e7\u00e3o art\u00edstica: Dominique Meirelles<br \/>\nProdu\u00e7\u00e3o: Luana Assiz e Peu Teles<\/p>\n<p>&nbsp;<\/p>\n","protected":false},"excerpt":{"rendered":"<p>A\u00c2\u00a0 jornalista e musicista\u00c2\u00a0Luana Assiz \u00e9 uma das pessoas mais incr\u00edveis que j\u00e1 tive a oportunidade de conviver ainda nos tempos que estud\u00e1vamos na Faculdade de [&hellip;]<\/p>\n","protected":false},"author":1,"featured_media":8031,"comment_status":"open","ping_status":"open","sticky":false,"template":"","format":"image","meta":{"footnotes":""},"categories":[28,80],"tags":[725],"class_list":["post-8030","post","type-post","status-publish","format-image","has-post-thumbnail","hentry","category-farofa-digital","category-home","tag-luanaassiz","post_format-post-format-image"],"_links":{"self":[{"href":"https:\/\/blogs.correio24horas.com.br\/mesalte\/wp-json\/wp\/v2\/posts\/8030","targetHints":{"allow":["GET"]}}],"collection":[{"href":"https:\/\/blogs.correio24horas.com.br\/mesalte\/wp-json\/wp\/v2\/posts"}],"about":[{"href":"https:\/\/blogs.correio24horas.com.br\/mesalte\/wp-json\/wp\/v2\/types\/post"}],"author":[{"embeddable":true,"href":"https:\/\/blogs.correio24horas.com.br\/mesalte\/wp-json\/wp\/v2\/users\/1"}],"replies":[{"embeddable":true,"href":"https:\/\/blogs.correio24horas.com.br\/mesalte\/wp-json\/wp\/v2\/comments?post=8030"}],"version-history":[{"count":2,"href":"https:\/\/blogs.correio24horas.com.br\/mesalte\/wp-json\/wp\/v2\/posts\/8030\/revisions"}],"predecessor-version":[{"id":8036,"href":"https:\/\/blogs.correio24horas.com.br\/mesalte\/wp-json\/wp\/v2\/posts\/8030\/revisions\/8036"}],"wp:featuredmedia":[{"embeddable":true,"href":"https:\/\/blogs.correio24horas.com.br\/mesalte\/wp-json\/wp\/v2\/media\/8031"}],"wp:attachment":[{"href":"https:\/\/blogs.correio24horas.com.br\/mesalte\/wp-json\/wp\/v2\/media?parent=8030"}],"wp:term":[{"taxonomy":"category","embeddable":true,"href":"https:\/\/blogs.correio24horas.com.br\/mesalte\/wp-json\/wp\/v2\/categories?post=8030"},{"taxonomy":"post_tag","embeddable":true,"href":"https:\/\/blogs.correio24horas.com.br\/mesalte\/wp-json\/wp\/v2\/tags?post=8030"}],"curies":[{"name":"wp","href":"https:\/\/api.w.org\/{rel}","templated":true}]}}