{"id":8000,"date":"2016-11-16T09:15:32","date_gmt":"2016-11-16T12:15:32","guid":{"rendered":"http:\/\/www.correio24horas.com.br\/blogs\/mesalte\/?p=8000"},"modified":"2016-11-16T09:15:32","modified_gmt":"2016-11-16T12:15:32","slug":"salvador-sediara-primeiro-encontro-de-familias-lgbts","status":"publish","type":"post","link":"https:\/\/blogs.correio24horas.com.br\/mesalte\/salvador-sediara-primeiro-encontro-de-familias-lgbts\/","title":{"rendered":"Salvador sediar\u00e1 primeiro Encontro de Fam\u00edlias LGBTs"},"content":{"rendered":"<p>Salvador sediar\u00e1 entre os dias 10 e 12 de fevereiro o I Encontro de Fam\u00edlias LGBTs. Para Marcelo Cerqueira, presidente do Grupo Gay da Bahia (GGB) e idealizador e organizador do evento, o objetivo do encontro \u00e9 resgatar e compartilhar as experi\u00eancias pessoais dos casais e falar sobre o tema casamento com exemplos de fam\u00edlias LGBTs.<\/p>\n<p>&#8220;Com o passar do tempo, muitos casais descuidam da rela\u00e7\u00e3o, permitindo que situa\u00e7\u00f5es simples e acomoda\u00e7\u00f5es atrapalhem o relacionamento, perdendo a alegria do dia-a-dia com os problemas normais em toda rela\u00e7\u00e3o conjugal e que por falta de discuss\u00e3o e enfrentamento, provocam stress, deixando de viver a rela\u00e7\u00e3o com a devida intensidade. O encontro ser\u00e1 um\u00c2\u00a0momento de compartilhar e se aprimorar homoafetividade e a felicidade de viver juntos&#8221;, explica Marcelo. Uma fam\u00edlia j\u00e1 confirmada no evento, segundo o GGB, \u00e9 o casal Toni Reis e David Harand com seus filhos Alyson, J\u00e9ssica e Felipe (foto acima).<\/p>\n<p>Em 2014, o IBGE registrou no Brasil 4.854 casamentos entre c\u00f4njuges do mesmo sexo, um aumento de 31,2% em rela\u00e7\u00e3o a 2013, ano em que o Conselho Nacional de Justi\u00e7a (CNJ) determinou que os cart\u00f3rios realizassem a uni\u00e3o civil entre pessoas do mesmo sexo. Em n\u00fameros absolutos, foram 1.153 uni\u00f5es homoafetivas a mais que no ano anterior, sendo 50,3% entre mulheres e 49,7%, entre homens. Em 2013, os casamentos entre mulheres registraram uma maioria mais acentuada \u201c 52% contra 48% de casamentos entre homens.<br \/>\n<em><strong> Mais informa\u00e7\u00f5es: ggbbahia@gmail.com<\/strong><\/em><\/p>\n<p>&nbsp;<\/p>\n<p>&nbsp;<\/p>\n","protected":false},"excerpt":{"rendered":"<p>Salvador sediar\u00e1 entre os dias 10 e 12 de fevereiro o I Encontro de Fam\u00edlias LGBTs. Para Marcelo Cerqueira, presidente do Grupo Gay da Bahia (GGB) [&hellip;]<\/p>\n","protected":false},"author":1,"featured_media":8001,"comment_status":"open","ping_status":"open","sticky":false,"template":"","format":"image","meta":{"footnotes":""},"categories":[80,11],"tags":[],"class_list":["post-8000","post","type-post","status-publish","format-image","has-post-thumbnail","hentry","category-home","category-me-informo","post_format-post-format-image"],"_links":{"self":[{"href":"https:\/\/blogs.correio24horas.com.br\/mesalte\/wp-json\/wp\/v2\/posts\/8000","targetHints":{"allow":["GET"]}}],"collection":[{"href":"https:\/\/blogs.correio24horas.com.br\/mesalte\/wp-json\/wp\/v2\/posts"}],"about":[{"href":"https:\/\/blogs.correio24horas.com.br\/mesalte\/wp-json\/wp\/v2\/types\/post"}],"author":[{"embeddable":true,"href":"https:\/\/blogs.correio24horas.com.br\/mesalte\/wp-json\/wp\/v2\/users\/1"}],"replies":[{"embeddable":true,"href":"https:\/\/blogs.correio24horas.com.br\/mesalte\/wp-json\/wp\/v2\/comments?post=8000"}],"version-history":[{"count":2,"href":"https:\/\/blogs.correio24horas.com.br\/mesalte\/wp-json\/wp\/v2\/posts\/8000\/revisions"}],"predecessor-version":[{"id":8003,"href":"https:\/\/blogs.correio24horas.com.br\/mesalte\/wp-json\/wp\/v2\/posts\/8000\/revisions\/8003"}],"wp:featuredmedia":[{"embeddable":true,"href":"https:\/\/blogs.correio24horas.com.br\/mesalte\/wp-json\/wp\/v2\/media\/8001"}],"wp:attachment":[{"href":"https:\/\/blogs.correio24horas.com.br\/mesalte\/wp-json\/wp\/v2\/media?parent=8000"}],"wp:term":[{"taxonomy":"category","embeddable":true,"href":"https:\/\/blogs.correio24horas.com.br\/mesalte\/wp-json\/wp\/v2\/categories?post=8000"},{"taxonomy":"post_tag","embeddable":true,"href":"https:\/\/blogs.correio24horas.com.br\/mesalte\/wp-json\/wp\/v2\/tags?post=8000"}],"curies":[{"name":"wp","href":"https:\/\/api.w.org\/{rel}","templated":true}]}}