{"id":7797,"date":"2016-11-04T09:47:14","date_gmt":"2016-11-04T12:47:14","guid":{"rendered":"http:\/\/www.correio24horas.com.br\/blogs\/mesalte\/?p=7797"},"modified":"2016-11-04T16:18:47","modified_gmt":"2016-11-04T19:18:47","slug":"juliana-paes-diz-que-se-sente-atraida-por-outras-mulheres-vontade-de-tocar","status":"publish","type":"post","link":"https:\/\/blogs.correio24horas.com.br\/mesalte\/juliana-paes-diz-que-se-sente-atraida-por-outras-mulheres-vontade-de-tocar\/","title":{"rendered":"Juliana Paes diz que se sente atra\u00edda por outras mulheres: &#8220;vontade de tocar&#8221;"},"content":{"rendered":"<p>A atriz Juliana Paes \u00e9 aut\u00eantica e n\u00e3o costuma fugir de respostas. A atriz ahasou na sua participa\u00e7\u00e3o do programa Adnight, de Marcelo Adnet, na noite da \u00faltima quinta-feira (3). Ela admitiu que se sente atra\u00edda por outras mulheres. &#8220;Por algumas sim. H\u00e1 mulheres que eu acho extremamente bonitas e sensuais, d\u00e1 at\u00e9 vontade de tocar&#8221;, revelou.<\/p>\n<p>A artista\u00c2\u00a0ainda disse que Angelina Jolie \u00e9 magra de mais. &#8220;Eu acho a Angelina Jolie linda demais, apesar dela ser muito magrinha&#8221;, disse referindo-se a ex-mulher de Brad Pitt.\u00c2\u00a0M\u00e3e de Pedro, de 5 anos, e Ant\u00f4nio, de 3, a atriz disse que n\u00e3o quer ter mais filhos. \u00c2\u00a0&#8220;N\u00e3o penso em ter mais filhos. Dois est\u00e1 muito bom (&#8230;) Hoje em dia isso n\u00e3o acontece por acaso&#8230; ou a pessoa quer ou n\u00e3o quer!&#8221;, afirmou Juliana que \u00e9\u00c2\u00a0casada com o\u00c2\u00a0empres\u00e1rio Carlos Eduardo Baptista.<\/p>\n<p>Durante sua participa\u00e7\u00e3o no programa, a atriz tamb\u00e9m relembrou seus tempos de rainha de bateria, sambou no palco do talk show ao som da bateria da Viradouro e ainda dan\u00e7ou ao som do \u00c9 o Tchan.<\/p>\n","protected":false},"excerpt":{"rendered":"<p>A atriz Juliana Paes \u00e9 aut\u00eantica e n\u00e3o costuma fugir de respostas. A atriz ahasou na sua participa\u00e7\u00e3o do programa Adnight, de Marcelo Adnet, na noite [&hellip;]<\/p>\n","protected":false},"author":1,"featured_media":7798,"comment_status":"open","ping_status":"open","sticky":false,"template":"","format":"image","meta":{"footnotes":""},"categories":[28,80],"tags":[],"class_list":["post-7797","post","type-post","status-publish","format-image","has-post-thumbnail","hentry","category-farofa-digital","category-home","post_format-post-format-image"],"_links":{"self":[{"href":"https:\/\/blogs.correio24horas.com.br\/mesalte\/wp-json\/wp\/v2\/posts\/7797","targetHints":{"allow":["GET"]}}],"collection":[{"href":"https:\/\/blogs.correio24horas.com.br\/mesalte\/wp-json\/wp\/v2\/posts"}],"about":[{"href":"https:\/\/blogs.correio24horas.com.br\/mesalte\/wp-json\/wp\/v2\/types\/post"}],"author":[{"embeddable":true,"href":"https:\/\/blogs.correio24horas.com.br\/mesalte\/wp-json\/wp\/v2\/users\/1"}],"replies":[{"embeddable":true,"href":"https:\/\/blogs.correio24horas.com.br\/mesalte\/wp-json\/wp\/v2\/comments?post=7797"}],"version-history":[{"count":2,"href":"https:\/\/blogs.correio24horas.com.br\/mesalte\/wp-json\/wp\/v2\/posts\/7797\/revisions"}],"predecessor-version":[{"id":7807,"href":"https:\/\/blogs.correio24horas.com.br\/mesalte\/wp-json\/wp\/v2\/posts\/7797\/revisions\/7807"}],"wp:featuredmedia":[{"embeddable":true,"href":"https:\/\/blogs.correio24horas.com.br\/mesalte\/wp-json\/wp\/v2\/media\/7798"}],"wp:attachment":[{"href":"https:\/\/blogs.correio24horas.com.br\/mesalte\/wp-json\/wp\/v2\/media?parent=7797"}],"wp:term":[{"taxonomy":"category","embeddable":true,"href":"https:\/\/blogs.correio24horas.com.br\/mesalte\/wp-json\/wp\/v2\/categories?post=7797"},{"taxonomy":"post_tag","embeddable":true,"href":"https:\/\/blogs.correio24horas.com.br\/mesalte\/wp-json\/wp\/v2\/tags?post=7797"}],"curies":[{"name":"wp","href":"https:\/\/api.w.org\/{rel}","templated":true}]}}