{"id":7790,"date":"2016-11-04T08:41:06","date_gmt":"2016-11-04T11:41:06","guid":{"rendered":"http:\/\/www.correio24horas.com.br\/blogs\/mesalte\/?p=7790"},"modified":"2016-11-04T13:55:44","modified_gmt":"2016-11-04T16:55:44","slug":"valesca-beija-fa-lesbica-no-palco-de-show-apos-danca-sensual-veja-video","status":"publish","type":"post","link":"https:\/\/blogs.correio24horas.com.br\/mesalte\/valesca-beija-fa-lesbica-no-palco-de-show-apos-danca-sensual-veja-video\/","title":{"rendered":"Valesca beija f\u00e3 l\u00e9sbica no palco de show ap\u00f3s dan\u00e7a sensual; veja v\u00eddeo"},"content":{"rendered":"<p>Valesca, <a href=\"http:\/\/www.correio24horas.com.br\/blogs\/mesalte\/valesca-lanca-novo-single-chamado-viado-e-levanta-polemica-nas-redes\/\" target=\"_blank\">que recentemente lan\u00e7ou seu novo single &#8220;Viado&#8221;<\/a>, \u00c2\u00a0foi a grande atra\u00e7\u00e3o da festa de anivers\u00e1rio da boate Papa G, no Rio de Janeiro. E a bonita resolveu fazer a alegria de uma f\u00e3 chamada Tain\u00e1. Valesca convidou e jovem para o palco e fez uma dan\u00e7a super sensual com ela no estilo sarrada master. &#8220;Fiquei \u00famida&#8221;, disse a musa popozuda. Depois da dan\u00e7a, em retribui\u00e7\u00e3o, ela deu um beijo na f\u00e3, que foi ao del\u00edrio de emo\u00e7\u00e3o.<\/p>\n<div id=\"attachment_7791\" style=\"width: 608px\" class=\"wp-caption aligncenter\"><img loading=\"lazy\" decoding=\"async\" aria-describedby=\"caption-attachment-7791\" class=\"size-full wp-image-7791\" src=\"http:\/\/www.correio24horas.com.br\/blogs\/mesalte\/wp-content\/uploads\/2016\/11\/Valesca.jpg\" alt=\"Foto: Reprodu\u00e7\u00e3o\" width=\"598\" height=\"335\" srcset=\"https:\/\/blogs.correio24h.com.br\/mesalte\/wp-content\/uploads\/2016\/11\/Valesca.jpg 598w, https:\/\/blogs.correio24h.com.br\/mesalte\/wp-content\/uploads\/2016\/11\/Valesca-300x168.jpg 300w, https:\/\/blogs.correio24h.com.br\/mesalte\/wp-content\/uploads\/2016\/11\/Valesca-260x146.jpg 260w, https:\/\/blogs.correio24h.com.br\/mesalte\/wp-content\/uploads\/2016\/11\/Valesca-50x28.jpg 50w, https:\/\/blogs.correio24h.com.br\/mesalte\/wp-content\/uploads\/2016\/11\/Valesca-134x75.jpg 134w\" sizes=\"auto, (max-width: 598px) 100vw, 598px\" \/><p id=\"caption-attachment-7791\" class=\"wp-caption-text\">Foto: Reprodu\u00e7\u00e3o<\/p><\/div>\n<p><em><strong>Saiba mais not\u00edcias sobre o universo LGBTQI acessando <a href=\"http:\/\/www.correio24horas.com.br\/mesalte\" target=\"_blank\">www.correio24horas.com.br\/mesalte<\/a><\/strong><\/em><\/p>\n<p><strong>Veja o v\u00eddeo abaixo&gt;&gt;<\/strong><\/p>\n<blockquote class=\"instagram-media\" style=\"background: #FFF; border: 0; border-radius: 3px; box-shadow: 0 0 1px 0 rgba(0,0,0,0.5),0 1px 10px 0 rgba(0,0,0,0.15); margin: 1px; max-width: 658px; padding: 0; width: calc(100% - 2px);\" data-instgrm-captioned=\"\" data-instgrm-version=\"7\">\n<div style=\"padding: 8px;\">\n<div style=\"background: #F8F8F8; line-height: 0; margin-top: 40px; padding: 28.1944444444% 0; text-align: center; width: 100%;\"><strong>\u00c2\u00a0<\/strong><\/div>\n<p style=\"margin: 8px 0 0 0; padding: 0 4px;\"><a style=\"color: #000; font-family: Arial,sans-serif; font-size: 14px; font-style: normal; font-weight: normal; line-height: 17px; text-decoration: none; word-wrap: break-word;\" href=\"https:\/\/www.instagram.com\/p\/BMS9QRyhT1p\/\" target=\"_blank\">Rainha, n\u00e9 amores?! @valescapopozudaoficial faz quest\u00e3o e dar um selinho em uma f\u00e3 que ela chamou para o palco!<\/a><\/p>\n<p style=\"color: #c9c8cd; font-family: Arial,sans-serif; font-size: 14px; line-height: 17px; margin-bottom: 0; margin-top: 8px; overflow: hidden; padding: 8px 0 7px; text-align: center; text-overflow: ellipsis; white-space: nowrap;\">Um v\u00eddeo publicado por Boate Papa G (@boatepapagoficial) em <time style=\"font-family: Arial,sans-serif; font-size: 14px; line-height: 17px;\" datetime=\"2016-11-02T05:34:33+00:00\">Nov 1, 2016 \u00e0 \u00a0s 10:34 PDT<\/time><\/p>\n<\/div>\n<\/blockquote>\n<p><script src=\"\/\/platform.instagram.com\/en_US\/embeds.js\" async=\"\" defer=\"defer\"><\/script><\/p>\n","protected":false},"excerpt":{"rendered":"<p>Valesca, que recentemente lan\u00e7ou seu novo single &#8220;Viado&#8221;, \u00c2\u00a0foi a grande atra\u00e7\u00e3o da festa de anivers\u00e1rio da boate Papa G, no Rio de Janeiro. E a [&hellip;]<\/p>\n","protected":false},"author":1,"featured_media":7792,"comment_status":"open","ping_status":"open","sticky":false,"template":"","format":"standard","meta":{"footnotes":""},"categories":[80,26],"tags":[],"class_list":["post-7790","post","type-post","status-publish","format-standard","has-post-thumbnail","hentry","category-home","category-me-inspiro"],"_links":{"self":[{"href":"https:\/\/blogs.correio24horas.com.br\/mesalte\/wp-json\/wp\/v2\/posts\/7790","targetHints":{"allow":["GET"]}}],"collection":[{"href":"https:\/\/blogs.correio24horas.com.br\/mesalte\/wp-json\/wp\/v2\/posts"}],"about":[{"href":"https:\/\/blogs.correio24horas.com.br\/mesalte\/wp-json\/wp\/v2\/types\/post"}],"author":[{"embeddable":true,"href":"https:\/\/blogs.correio24horas.com.br\/mesalte\/wp-json\/wp\/v2\/users\/1"}],"replies":[{"embeddable":true,"href":"https:\/\/blogs.correio24horas.com.br\/mesalte\/wp-json\/wp\/v2\/comments?post=7790"}],"version-history":[{"count":2,"href":"https:\/\/blogs.correio24horas.com.br\/mesalte\/wp-json\/wp\/v2\/posts\/7790\/revisions"}],"predecessor-version":[{"id":7806,"href":"https:\/\/blogs.correio24horas.com.br\/mesalte\/wp-json\/wp\/v2\/posts\/7790\/revisions\/7806"}],"wp:featuredmedia":[{"embeddable":true,"href":"https:\/\/blogs.correio24horas.com.br\/mesalte\/wp-json\/wp\/v2\/media\/7792"}],"wp:attachment":[{"href":"https:\/\/blogs.correio24horas.com.br\/mesalte\/wp-json\/wp\/v2\/media?parent=7790"}],"wp:term":[{"taxonomy":"category","embeddable":true,"href":"https:\/\/blogs.correio24horas.com.br\/mesalte\/wp-json\/wp\/v2\/categories?post=7790"},{"taxonomy":"post_tag","embeddable":true,"href":"https:\/\/blogs.correio24horas.com.br\/mesalte\/wp-json\/wp\/v2\/tags?post=7790"}],"curies":[{"name":"wp","href":"https:\/\/api.w.org\/{rel}","templated":true}]}}