{"id":7783,"date":"2016-11-03T15:36:50","date_gmt":"2016-11-03T18:36:50","guid":{"rendered":"http:\/\/www.correio24horas.com.br\/blogs\/mesalte\/?p=7783"},"modified":"2016-11-03T15:44:57","modified_gmt":"2016-11-03T18:44:57","slug":"show-da-banda-uo-em-salvador-e-cancelado-por-conta-do-enem","status":"publish","type":"post","link":"https:\/\/blogs.correio24horas.com.br\/mesalte\/show-da-banda-uo-em-salvador-e-cancelado-por-conta-do-enem\/","title":{"rendered":"Show da banda U\u00f3 em Salvador \u00e9 cancelado por conta do Enem"},"content":{"rendered":"<p>Meu cora\u00e7\u00e3o est\u00e1 em l\u00e1grimas com essa not\u00edcia, mas o show da banda U\u00f3 que iria acontecer em Salvador neste s\u00e1bado (5) foi cancelado. Segundo informa\u00e7\u00f5es da produ\u00e7\u00e3o do evento a apresenta\u00e7\u00e3o foi cancelada pois eles receberam diversas mensagens de estudantes que ir\u00e3o fazer o Exame Nacional do Ensino M\u00e9dio (Enem) nos dias 5 e 6 de novembro.\u00c2\u00a0Infelizmente ainda n\u00e3o tem data da nova apresenta\u00e7\u00e3o da banda U\u00f3 aqui em Salvador.\u00c2\u00a0Os ingressos adquiridos ser\u00e3o devolvidos pela <a href=\"http:\/\/www.sympla.com.br\/\" target=\"_blank\">Sympla<\/a>.\u00c2\u00a0Outras d\u00favidas podem ser tiradas por mensagem nas paginas da Ruffo e <a href=\"https:\/\/www.facebook.com\/events\/562018347256334\/\" target=\"_blank\">Pardieiro.\u00c2\u00a0<\/a><\/p>\n<p>Em 2014, o trio lan\u00e7ou o DVD Motel\u009d. Em 2015, a m\u00fasica Catraca\u009d entrou para a trilha sonora da novela I Love Parais\u00f3polis, tornando-se um sucesso nacional, e foi lan\u00e7ado o segundo \u00e1lbum da banda, Veneno\u009d. Um dos singles do disco, Arrega\u00e7ada\u009d, j\u00e1 conta com mais de 1.500.000 views no clipe oficial.<\/p>\n<p>Agora s\u00f3 resta dan\u00e7ar&#8230;<\/p>\n<p><iframe loading=\"lazy\" src=\"https:\/\/www.youtube.com\/embed\/P3dxvqsOVag\" width=\"560\" height=\"315\" frameborder=\"0\" allowfullscreen=\"allowfullscreen\"><\/iframe><\/p>\n<p><em><strong>Saiba mais not\u00edcias sobre baphos, arrashos e fecha\u00e7\u00f5es no <a href=\"http:\/\/www.correio24horas.com.br\/mesalte\" target=\"_blank\">www.correio24horas.com.br\/mesalte<\/a><\/strong><\/em><\/p>\n","protected":false},"excerpt":{"rendered":"<p>Meu cora\u00e7\u00e3o est\u00e1 em l\u00e1grimas com essa not\u00edcia, mas o show da banda U\u00f3 que iria acontecer em Salvador neste s\u00e1bado (5) foi cancelado. Segundo informa\u00e7\u00f5es [&hellip;]<\/p>\n","protected":false},"author":1,"featured_media":7343,"comment_status":"open","ping_status":"open","sticky":false,"template":"","format":"image","meta":{"footnotes":""},"categories":[80,16],"tags":[],"class_list":["post-7783","post","type-post","status-publish","format-image","has-post-thumbnail","hentry","category-home","category-me-jogo","post_format-post-format-image"],"_links":{"self":[{"href":"https:\/\/blogs.correio24horas.com.br\/mesalte\/wp-json\/wp\/v2\/posts\/7783","targetHints":{"allow":["GET"]}}],"collection":[{"href":"https:\/\/blogs.correio24horas.com.br\/mesalte\/wp-json\/wp\/v2\/posts"}],"about":[{"href":"https:\/\/blogs.correio24horas.com.br\/mesalte\/wp-json\/wp\/v2\/types\/post"}],"author":[{"embeddable":true,"href":"https:\/\/blogs.correio24horas.com.br\/mesalte\/wp-json\/wp\/v2\/users\/1"}],"replies":[{"embeddable":true,"href":"https:\/\/blogs.correio24horas.com.br\/mesalte\/wp-json\/wp\/v2\/comments?post=7783"}],"version-history":[{"count":3,"href":"https:\/\/blogs.correio24horas.com.br\/mesalte\/wp-json\/wp\/v2\/posts\/7783\/revisions"}],"predecessor-version":[{"id":7786,"href":"https:\/\/blogs.correio24horas.com.br\/mesalte\/wp-json\/wp\/v2\/posts\/7783\/revisions\/7786"}],"wp:featuredmedia":[{"embeddable":true,"href":"https:\/\/blogs.correio24horas.com.br\/mesalte\/wp-json\/wp\/v2\/media\/7343"}],"wp:attachment":[{"href":"https:\/\/blogs.correio24horas.com.br\/mesalte\/wp-json\/wp\/v2\/media?parent=7783"}],"wp:term":[{"taxonomy":"category","embeddable":true,"href":"https:\/\/blogs.correio24horas.com.br\/mesalte\/wp-json\/wp\/v2\/categories?post=7783"},{"taxonomy":"post_tag","embeddable":true,"href":"https:\/\/blogs.correio24horas.com.br\/mesalte\/wp-json\/wp\/v2\/tags?post=7783"}],"curies":[{"name":"wp","href":"https:\/\/api.w.org\/{rel}","templated":true}]}}