{"id":7672,"date":"2016-10-28T08:19:00","date_gmt":"2016-10-28T11:19:00","guid":{"rendered":"http:\/\/www.correio24horas.com.br\/blogs\/mesalte\/?p=7672"},"modified":"2016-10-29T14:25:43","modified_gmt":"2016-10-29T17:25:43","slug":"sexta-da-diversidade-discute-moda-negra-e-plus-size-no-espaco-conceito-bazar","status":"publish","type":"post","link":"https:\/\/blogs.correio24horas.com.br\/mesalte\/sexta-da-diversidade-discute-moda-negra-e-plus-size-no-espaco-conceito-bazar\/","title":{"rendered":"Sexta da Diversidade discute Moda Negra e Plus Size no Espa\u00e7o Conceito Bazar"},"content":{"rendered":"<p><em>Por Verena Paranhos<\/em><\/p>\n<p>Antes mesmo de novembro chegar, o Afro Fashion Day j\u00e1 come\u00e7a a movimentar a cidade com a Sexta da Diversidade. Discutindo Moda Negra e Plus Size, a primeira edi\u00e7\u00e3o do bate-papo acontece nesta sexta (28), no Espa\u00e7o Conceito Bazar do Shopping da Bahia (Pra\u00e7a Newton Rique, 2\u00ba piso). Entre os convidados, nomes atuantes na cena soteropolitana.<\/p>\n<p>Participam do debate Najara Black, criadora da N Black, Cynthia Paix\u00e3o, empres\u00e1ria da Cynd Biqu\u00ednis, Lourani Maria, editora do portal Baiana Size, Adriana Santos, do Movimento Vai Ter Gorda, Tarcila Rocha, do Eu Me Amo, Eu Amo Minhas Curvas e da fot\u00f3grafa Helemoz\u00e3o, idealizadora do projeto Gorda Flor.<\/p>\n<div id=\"attachment_7548\" style=\"width: 760px\" class=\"wp-caption aligncenter\"><img loading=\"lazy\" decoding=\"async\" aria-describedby=\"caption-attachment-7548\" class=\"size-full wp-image-7548\" src=\"http:\/\/www.correio24horas.com.br\/blogs\/mesalte\/wp-content\/uploads\/2016\/10\/NajaraBlack.jpg\" alt=\"Najara Black \u00e9 uma das palestrantes.\" width=\"750\" height=\"750\" srcset=\"https:\/\/blogs.correio24h.com.br\/mesalte\/wp-content\/uploads\/2016\/10\/NajaraBlack.jpg 750w, https:\/\/blogs.correio24h.com.br\/mesalte\/wp-content\/uploads\/2016\/10\/NajaraBlack-150x150.jpg 150w, https:\/\/blogs.correio24h.com.br\/mesalte\/wp-content\/uploads\/2016\/10\/NajaraBlack-300x300.jpg 300w, https:\/\/blogs.correio24h.com.br\/mesalte\/wp-content\/uploads\/2016\/10\/NajaraBlack-146x146.jpg 146w, https:\/\/blogs.correio24h.com.br\/mesalte\/wp-content\/uploads\/2016\/10\/NajaraBlack-50x50.jpg 50w, https:\/\/blogs.correio24h.com.br\/mesalte\/wp-content\/uploads\/2016\/10\/NajaraBlack-80x80.jpg 80w, https:\/\/blogs.correio24h.com.br\/mesalte\/wp-content\/uploads\/2016\/10\/NajaraBlack-75x75.jpg 75w, https:\/\/blogs.correio24h.com.br\/mesalte\/wp-content\/uploads\/2016\/10\/NajaraBlack-85x85.jpg 85w\" sizes=\"auto, (max-width: 750px) 100vw, 750px\" \/><p id=\"caption-attachment-7548\" class=\"wp-caption-text\">Najara Black \u00e9 uma das palestrantes.<\/p><\/div>\n<p>O encontro ter\u00e1 como mediadores os jornalistas Naiana Ribeiro e Jorge Gauthier, respectivamente, editores do portal e revista PLUS e do canal Me Salte, do CORREIO. Pensamos nesse tema para dar voz a outras minorias, que precisam ser discutidas e ter pol\u00edticas de inclus\u00e3o\u009d, afirma Naiana Ribeiro.<\/p>\n<p>O evento contar\u00e1 ainda com uma performance da drag queen Ferah Sunshine. Entre os n\u00fameros que apresentar\u00e1, um inspirado no Il\u00ea Aiy\u00ea. Para al\u00e9m de dialogar com os novos refor\u00e7os de identidade, tem um trabalho forte que resgata muito a identidade afro\u009d, diz Jorge Gauthier.<\/p>\n<p>A segunda edi\u00e7\u00e3o da Sexta da Diversidade est\u00e1 marcada para 18 de novembro e ter\u00e1 como tema Tire seu Preconceito da minha Identidade Individual. Est\u00e3o confirmadas as participa\u00e7\u00f5es do Coletivo Afro Pabho e do Grupo Negrita Gordiva. Vamos falar do empoderamento da gera\u00e7\u00e3o tombamento, que hoje protagoniza o enfrentamento social em busca de respeito \u00e0 \u00a0s identidades\u009d, completa Gauthier. O evento tem realiza\u00e7\u00e3o do CORREIO, com patroc\u00ednio do Shopping da Bahia, apoio do Me Salte e da PLUS<\/p>\n","protected":false},"excerpt":{"rendered":"<p>Por Verena Paranhos Antes mesmo de novembro chegar, o Afro Fashion Day j\u00e1 come\u00e7a a movimentar a cidade com a Sexta da Diversidade. Discutindo Moda Negra [&hellip;]<\/p>\n","protected":false},"author":1,"featured_media":7136,"comment_status":"open","ping_status":"open","sticky":false,"template":"","format":"image","meta":{"footnotes":""},"categories":[11,16],"tags":[],"class_list":["post-7672","post","type-post","status-publish","format-image","has-post-thumbnail","hentry","category-me-informo","category-me-jogo","post_format-post-format-image"],"_links":{"self":[{"href":"https:\/\/blogs.correio24horas.com.br\/mesalte\/wp-json\/wp\/v2\/posts\/7672","targetHints":{"allow":["GET"]}}],"collection":[{"href":"https:\/\/blogs.correio24horas.com.br\/mesalte\/wp-json\/wp\/v2\/posts"}],"about":[{"href":"https:\/\/blogs.correio24horas.com.br\/mesalte\/wp-json\/wp\/v2\/types\/post"}],"author":[{"embeddable":true,"href":"https:\/\/blogs.correio24horas.com.br\/mesalte\/wp-json\/wp\/v2\/users\/1"}],"replies":[{"embeddable":true,"href":"https:\/\/blogs.correio24horas.com.br\/mesalte\/wp-json\/wp\/v2\/comments?post=7672"}],"version-history":[{"count":2,"href":"https:\/\/blogs.correio24horas.com.br\/mesalte\/wp-json\/wp\/v2\/posts\/7672\/revisions"}],"predecessor-version":[{"id":7674,"href":"https:\/\/blogs.correio24horas.com.br\/mesalte\/wp-json\/wp\/v2\/posts\/7672\/revisions\/7674"}],"wp:featuredmedia":[{"embeddable":true,"href":"https:\/\/blogs.correio24horas.com.br\/mesalte\/wp-json\/wp\/v2\/media\/7136"}],"wp:attachment":[{"href":"https:\/\/blogs.correio24horas.com.br\/mesalte\/wp-json\/wp\/v2\/media?parent=7672"}],"wp:term":[{"taxonomy":"category","embeddable":true,"href":"https:\/\/blogs.correio24horas.com.br\/mesalte\/wp-json\/wp\/v2\/categories?post=7672"},{"taxonomy":"post_tag","embeddable":true,"href":"https:\/\/blogs.correio24horas.com.br\/mesalte\/wp-json\/wp\/v2\/tags?post=7672"}],"curies":[{"name":"wp","href":"https:\/\/api.w.org\/{rel}","templated":true}]}}