{"id":7618,"date":"2016-10-25T17:33:11","date_gmt":"2016-10-25T20:33:11","guid":{"rendered":"http:\/\/www.correio24horas.com.br\/blogs\/mesalte\/?p=7618"},"modified":"2016-10-31T08:48:00","modified_gmt":"2016-10-31T11:48:00","slug":"banda-as-bahias-e-a-cozinha-mineira-concorrem-ao-premio-multishow","status":"publish","type":"post","link":"https:\/\/blogs.correio24horas.com.br\/mesalte\/banda-as-bahias-e-a-cozinha-mineira-concorrem-ao-premio-multishow\/","title":{"rendered":"Banda As Bahias e a Cozinha Mineira concorrem ao pr\u00eamio Multishow"},"content":{"rendered":"<p>A banda As Bahias e a Cozinha Mineira foi indicada na categoria Revela\u00e7\u00e3o do Pr\u00eamio Multishow 2016, pr\u00eamio do canal de m\u00fasica da TV fechada, que ocorre hoje (25) na Arena da Barra da Tijuca, no Rio de Janeiro. A premia\u00e7\u00e3o elege os melhores da m\u00fasica com apresenta\u00e7\u00e3o de Tat\u00e1 Werneck, F\u00e1bio Porchat e Thiaguinho.\u00c2\u00a0Com os vocais de duas mulheres transexuais \u201c Raquel Virg\u00ednia e Assucena \u201c a banda foca na afirma\u00e7\u00e3o feminina pela arte para se esquivar do preconceito.\u00c2\u00a0Assucena \u00e9 natural de Vit\u00f3ria da Conquista, na Bahia, e Raquel, paulista, morou e estudou em Salvador. <a href=\"http:\/\/www.correio24horas.com.br\/blogs\/mesalte\/mais-amor-por-favor-as-bahias-e-a-cozinha-mineira-a-voz-das-transexuais-contra-o-preconceito\/\" target=\"_blank\">Saiba mais sobre a hist\u00f3ria da banda.\u00c2\u00a0<\/a><\/p>\n<p><strong>Recentemente a banda lan\u00e7ou um novo clipe da can\u00e7\u00e3o Apologia \u00e0 \u00a0s virgens m\u00e3es. Assista:\u00c2\u00a0<\/strong><\/p>\n<p><iframe loading=\"lazy\" src=\"https:\/\/www.youtube.com\/embed\/SJTbYNCbkRg\" width=\"560\" height=\"315\" frameborder=\"0\" allowfullscreen=\"allowfullscreen\"><\/iframe><\/p>\n<p><strong>Premia\u00e7\u00e3o<br \/>\n<\/strong>Para dar in\u00edcio \u00e0 \u00a0 premia\u00e7\u00e3o do Multishow, os artistas e convidados v\u00e3o desfilar pelo tapete vermelho at\u00e9 a maior festa da m\u00fasica brasileira, que premia 19 categorias. Um time de apresentadoras foi montado para mostrar todos os detalhes do tapete vermelho: Laura Vicente, Luisa Micheletti, Ded\u00e9 Teicher e MariMoon, que vai cuidar na transmiss\u00e3o da \u00e1rea de interatividades da internet, lendo as enquetes e coment\u00e1rios do Twitter ao lado dos principais convidados do evento.<\/p>\n<div id=\"attachment_7621\" style=\"width: 365px\" class=\"wp-caption aligncenter\"><img loading=\"lazy\" decoding=\"async\" aria-describedby=\"caption-attachment-7621\" class=\"size-full wp-image-7621\" src=\"http:\/\/www.correio24horas.com.br\/blogs\/mesalte\/wp-content\/uploads\/2016\/10\/Cr\u00e9dito-da-foto-Marcellus-Kimontait.jpg\" alt=\"MariMoon ser\u00e1  uma das apresentadoras do evento  Foto: Marcellus Kimontait\" width=\"355\" height=\"532\" srcset=\"https:\/\/blogs.correio24h.com.br\/mesalte\/wp-content\/uploads\/2016\/10\/Cr\u00e9dito-da-foto-Marcellus-Kimontait.jpg 355w, https:\/\/blogs.correio24h.com.br\/mesalte\/wp-content\/uploads\/2016\/10\/Cr\u00e9dito-da-foto-Marcellus-Kimontait-200x300.jpg 200w, https:\/\/blogs.correio24h.com.br\/mesalte\/wp-content\/uploads\/2016\/10\/Cr\u00e9dito-da-foto-Marcellus-Kimontait-97x146.jpg 97w, https:\/\/blogs.correio24h.com.br\/mesalte\/wp-content\/uploads\/2016\/10\/Cr\u00e9dito-da-foto-Marcellus-Kimontait-33x50.jpg 33w, https:\/\/blogs.correio24h.com.br\/mesalte\/wp-content\/uploads\/2016\/10\/Cr\u00e9dito-da-foto-Marcellus-Kimontait-50x75.jpg 50w\" sizes=\"auto, (max-width: 355px) 100vw, 355px\" \/><p id=\"caption-attachment-7621\" class=\"wp-caption-text\">MariMoon ser\u00e1 uma das apresentadoras do evento<br \/>Foto: Marcellus Kimontait<\/p><\/div>\n<p>A transmiss\u00e3o do evento ser\u00e1 ao vivo pela TV e pela web atrav\u00e9s do site www.premiomultishow.com.br. J\u00e1 a partir das 18h30, haver\u00e1 uma cobertura no Youtube, com conte\u00fado exclusivo para a plataforma.<\/p>\n","protected":false},"excerpt":{"rendered":"<p>A banda As Bahias e a Cozinha Mineira foi indicada na categoria Revela\u00e7\u00e3o do Pr\u00eamio Multishow 2016, pr\u00eamio do canal de m\u00fasica da TV fechada, que [&hellip;]<\/p>\n","protected":false},"author":1,"featured_media":3271,"comment_status":"open","ping_status":"open","sticky":false,"template":"","format":"image","meta":{"footnotes":""},"categories":[9],"tags":[],"class_list":["post-7618","post","type-post","status-publish","format-image","has-post-thumbnail","hentry","category-me-orgulho","post_format-post-format-image"],"_links":{"self":[{"href":"https:\/\/blogs.correio24horas.com.br\/mesalte\/wp-json\/wp\/v2\/posts\/7618","targetHints":{"allow":["GET"]}}],"collection":[{"href":"https:\/\/blogs.correio24horas.com.br\/mesalte\/wp-json\/wp\/v2\/posts"}],"about":[{"href":"https:\/\/blogs.correio24horas.com.br\/mesalte\/wp-json\/wp\/v2\/types\/post"}],"author":[{"embeddable":true,"href":"https:\/\/blogs.correio24horas.com.br\/mesalte\/wp-json\/wp\/v2\/users\/1"}],"replies":[{"embeddable":true,"href":"https:\/\/blogs.correio24horas.com.br\/mesalte\/wp-json\/wp\/v2\/comments?post=7618"}],"version-history":[{"count":3,"href":"https:\/\/blogs.correio24horas.com.br\/mesalte\/wp-json\/wp\/v2\/posts\/7618\/revisions"}],"predecessor-version":[{"id":7622,"href":"https:\/\/blogs.correio24horas.com.br\/mesalte\/wp-json\/wp\/v2\/posts\/7618\/revisions\/7622"}],"wp:featuredmedia":[{"embeddable":true,"href":"https:\/\/blogs.correio24horas.com.br\/mesalte\/wp-json\/wp\/v2\/media\/3271"}],"wp:attachment":[{"href":"https:\/\/blogs.correio24horas.com.br\/mesalte\/wp-json\/wp\/v2\/media?parent=7618"}],"wp:term":[{"taxonomy":"category","embeddable":true,"href":"https:\/\/blogs.correio24horas.com.br\/mesalte\/wp-json\/wp\/v2\/categories?post=7618"},{"taxonomy":"post_tag","embeddable":true,"href":"https:\/\/blogs.correio24horas.com.br\/mesalte\/wp-json\/wp\/v2\/tags?post=7618"}],"curies":[{"name":"wp","href":"https:\/\/api.w.org\/{rel}","templated":true}]}}