{"id":7587,"date":"2016-10-24T16:44:01","date_gmt":"2016-10-24T19:44:01","guid":{"rendered":"http:\/\/www.correio24horas.com.br\/blogs\/mesalte\/?p=7587"},"modified":"2016-10-24T16:45:07","modified_gmt":"2016-10-24T19:45:07","slug":"plataforma-viajay-inicia-parceria-com-o-bloco-cha-da-rosa-que-sera-comandado-por-alinne-rosa","status":"publish","type":"post","link":"https:\/\/blogs.correio24horas.com.br\/mesalte\/plataforma-viajay-inicia-parceria-com-o-bloco-cha-da-rosa-que-sera-comandado-por-alinne-rosa\/","title":{"rendered":"Plataforma Viajay inicia parceria com o Bloco Ch\u00e1 da Rosa que ser\u00e1 comandado por Alinne Rosa"},"content":{"rendered":"<p>A plataforma on line Viajay iniciou uma parceria com o bloco Ch\u00e1 da Rosa, que ser\u00e1 comandado por Alinne Rosa, na sexta-feira de Carnaval no circuito Barra-Ondina. O guia Viajay -\u00c2\u00a0plataforma digital de comunica\u00e7\u00e3o e turismo para o p\u00fablico LGBT &#8211; \u00c2\u00a0vai formatar pacotes de viagens sobre o destino Salvador no Carnaval que, dentre outras coisas, incluir\u00e1 o bloco.\u00c2\u00a0O Viajay tamb\u00e9m\u00c2\u00a0criou o <a href=\"http:\/\/www.blocodocha.com.br\" target=\"_blank\">site Bloco do Ch\u00e1<\/a>, espa\u00e7o digital da atra\u00e7\u00e3o que ter\u00e1 informa\u00e7\u00f5es sobre a programa\u00e7\u00e3o dos eventos do bloco, venda e entrega de abad\u00e1s.\u00c2\u00a0O Viajay \u00e9 a maior fan page de turismo direcionado a esse p\u00fablico e, com isso, vende pacotes especiais para o carnaval de 2017<\/p>\n<p>Alinne est\u00e1 \u00e0 \u00a0 frente do bloco pelo segundo ano consecutivo. No Carnaval de 2016 as vendas se esgotaram dias antes do Carnaval.\u00c9 um prazer comandar o Ch\u00e1 da Rosa no Carnaval! Vai ser lindo o nosso baile a fantasia no circuito Barra\/Ondina. Essa parceria vai unir ainda mais o p\u00fablico com a proposta do bloco\u009d, afirma Alinne. O bloco Ch\u00e1 da Rosa \u00e9 inspirado na famosa festa pop Ch\u00e1 da Alice\u009d e traz para o carnaval de Salvador um grande baile a fantasia atr\u00e1s do trio, onde no lugar dos tradicionais abad\u00e1s, o foli\u00e3o recebe fantasias inspiradas no Pa\u00eds das Maravilhas\u009d.<\/p>\n","protected":false},"excerpt":{"rendered":"<p>A plataforma on line Viajay iniciou uma parceria com o bloco Ch\u00e1 da Rosa, que ser\u00e1 comandado por Alinne Rosa, na sexta-feira de Carnaval no circuito [&hellip;]<\/p>\n","protected":false},"author":1,"featured_media":2505,"comment_status":"open","ping_status":"open","sticky":false,"template":"","format":"image","meta":{"footnotes":""},"categories":[80,26],"tags":[32,686],"class_list":["post-7587","post","type-post","status-publish","format-image","has-post-thumbnail","hentry","category-home","category-me-inspiro","tag-alinnerosa","tag-alinnerossa","post_format-post-format-image"],"_links":{"self":[{"href":"https:\/\/blogs.correio24horas.com.br\/mesalte\/wp-json\/wp\/v2\/posts\/7587","targetHints":{"allow":["GET"]}}],"collection":[{"href":"https:\/\/blogs.correio24horas.com.br\/mesalte\/wp-json\/wp\/v2\/posts"}],"about":[{"href":"https:\/\/blogs.correio24horas.com.br\/mesalte\/wp-json\/wp\/v2\/types\/post"}],"author":[{"embeddable":true,"href":"https:\/\/blogs.correio24horas.com.br\/mesalte\/wp-json\/wp\/v2\/users\/1"}],"replies":[{"embeddable":true,"href":"https:\/\/blogs.correio24horas.com.br\/mesalte\/wp-json\/wp\/v2\/comments?post=7587"}],"version-history":[{"count":2,"href":"https:\/\/blogs.correio24horas.com.br\/mesalte\/wp-json\/wp\/v2\/posts\/7587\/revisions"}],"predecessor-version":[{"id":7589,"href":"https:\/\/blogs.correio24horas.com.br\/mesalte\/wp-json\/wp\/v2\/posts\/7587\/revisions\/7589"}],"wp:featuredmedia":[{"embeddable":true,"href":"https:\/\/blogs.correio24horas.com.br\/mesalte\/wp-json\/wp\/v2\/media\/2505"}],"wp:attachment":[{"href":"https:\/\/blogs.correio24horas.com.br\/mesalte\/wp-json\/wp\/v2\/media?parent=7587"}],"wp:term":[{"taxonomy":"category","embeddable":true,"href":"https:\/\/blogs.correio24horas.com.br\/mesalte\/wp-json\/wp\/v2\/categories?post=7587"},{"taxonomy":"post_tag","embeddable":true,"href":"https:\/\/blogs.correio24horas.com.br\/mesalte\/wp-json\/wp\/v2\/tags?post=7587"}],"curies":[{"name":"wp","href":"https:\/\/api.w.org\/{rel}","templated":true}]}}