{"id":7584,"date":"2016-10-24T15:33:13","date_gmt":"2016-10-24T18:33:13","guid":{"rendered":"http:\/\/www.correio24horas.com.br\/blogs\/mesalte\/?p=7584"},"modified":"2016-10-24T15:33:13","modified_gmt":"2016-10-24T18:33:13","slug":"modelo-transexual-valentina-sampaio-estreia-na-sao-paulo-fashion-week","status":"publish","type":"post","link":"https:\/\/blogs.correio24horas.com.br\/mesalte\/modelo-transexual-valentina-sampaio-estreia-na-sao-paulo-fashion-week\/","title":{"rendered":"Modelo transexual Valentina Sampaio estreia na S\u00e3o Paulo Fashion Week"},"content":{"rendered":"<p>Quando pisar na passarela da S\u00e3o Paulo Fashion Week (SPFW) nesta segunda-feira (24), a modelo cearense Valentina<br \/>\nSampaio, de 21 anos, entrar\u00e1 para uma hist\u00f3ria de poucas.\u00c2\u00a0Transexual, Valentina desfilar\u00e1 pela primeira vez na maior<br \/>\nsemana de moda do Brasil.<\/p>\n<p>Ela ser\u00e1 uma das faces da marca A La Gar\u00e7one. Mas, Valentina n\u00e3o \u00e9 t\u00e3o novata assim. Ela j\u00e1 \u00e9 a primeira modelo trans ser modelo para uma campanha da L\u00c2\u00b4Oreal Brasil, ao lado de Juliana Paes, Grazi Massafera e Ta\u00eds Ara\u00fajo.\u00c2\u00a0&#8220;Sempre fui uma menina e tratada como tal. \u00c9 assim que me sinto e \u00e9 isso que transmito para as pessoas&#8221;, disse Valentina em entrevista ao Uol.<\/p>\n<p>Valentina, inclusive, foi cogitada para ser uma das protagonistas da nova novela de Gl\u00f3ria Perez, na TV Globo, que ter\u00e1 uma personagem transexual.<\/p>\n","protected":false},"excerpt":{"rendered":"<p>Quando pisar na passarela da S\u00e3o Paulo Fashion Week (SPFW) nesta segunda-feira (24), a modelo cearense Valentina Sampaio, de 21 anos, entrar\u00e1 para uma hist\u00f3ria de [&hellip;]<\/p>\n","protected":false},"author":1,"featured_media":7585,"comment_status":"open","ping_status":"open","sticky":false,"template":"","format":"image","meta":{"footnotes":""},"categories":[80,9],"tags":[],"class_list":["post-7584","post","type-post","status-publish","format-image","has-post-thumbnail","hentry","category-home","category-me-orgulho","post_format-post-format-image"],"_links":{"self":[{"href":"https:\/\/blogs.correio24horas.com.br\/mesalte\/wp-json\/wp\/v2\/posts\/7584","targetHints":{"allow":["GET"]}}],"collection":[{"href":"https:\/\/blogs.correio24horas.com.br\/mesalte\/wp-json\/wp\/v2\/posts"}],"about":[{"href":"https:\/\/blogs.correio24horas.com.br\/mesalte\/wp-json\/wp\/v2\/types\/post"}],"author":[{"embeddable":true,"href":"https:\/\/blogs.correio24horas.com.br\/mesalte\/wp-json\/wp\/v2\/users\/1"}],"replies":[{"embeddable":true,"href":"https:\/\/blogs.correio24horas.com.br\/mesalte\/wp-json\/wp\/v2\/comments?post=7584"}],"version-history":[{"count":1,"href":"https:\/\/blogs.correio24horas.com.br\/mesalte\/wp-json\/wp\/v2\/posts\/7584\/revisions"}],"predecessor-version":[{"id":7586,"href":"https:\/\/blogs.correio24horas.com.br\/mesalte\/wp-json\/wp\/v2\/posts\/7584\/revisions\/7586"}],"wp:featuredmedia":[{"embeddable":true,"href":"https:\/\/blogs.correio24horas.com.br\/mesalte\/wp-json\/wp\/v2\/media\/7585"}],"wp:attachment":[{"href":"https:\/\/blogs.correio24horas.com.br\/mesalte\/wp-json\/wp\/v2\/media?parent=7584"}],"wp:term":[{"taxonomy":"category","embeddable":true,"href":"https:\/\/blogs.correio24horas.com.br\/mesalte\/wp-json\/wp\/v2\/categories?post=7584"},{"taxonomy":"post_tag","embeddable":true,"href":"https:\/\/blogs.correio24horas.com.br\/mesalte\/wp-json\/wp\/v2\/tags?post=7584"}],"curies":[{"name":"wp","href":"https:\/\/api.w.org\/{rel}","templated":true}]}}