{"id":7540,"date":"2016-10-21T14:00:05","date_gmt":"2016-10-21T17:00:05","guid":{"rendered":"http:\/\/www.correio24horas.com.br\/blogs\/mesalte\/?p=7540"},"modified":"2016-10-21T14:06:04","modified_gmt":"2016-10-21T17:06:04","slug":"salvador-ganha-nova-casa-de-shows-para-o-publico-lgbt-na-cidade-baixa","status":"publish","type":"post","link":"https:\/\/blogs.correio24horas.com.br\/mesalte\/salvador-ganha-nova-casa-de-shows-para-o-publico-lgbt-na-cidade-baixa\/","title":{"rendered":"Salvador ganha nova casa de shows para o p\u00fablico LGBT na Cidade Baixa"},"content":{"rendered":"<p>Para quem reclama que n\u00e3o tem variedade de op\u00e7\u00f5es para curtir a cena LGBT de Salvador pode mudar de discurso. Nesta sexta-feira (21) e s\u00e1bado (22) acontecer\u00e1 a inaugura\u00e7\u00e3o de um novo espa\u00e7o &#8211; que tem um conceito de pub\/balada &#8211; na Villa Ruy Barbosa na Cidade Baixa. O nome da nova casa \u00e9 Space Beer e, segundo explica Edy Lee Senna, um dos propriet\u00e1rios, o objetivo do espa\u00e7o \u00e9 oferecer divers\u00e3o para o p\u00fablico LGBT da Cidade Baixa e regi\u00f5es. &#8220;Teremos shows de transformista, covers e DJs na casa&#8221;, explica Edy que tamb\u00e9m \u00e9 dono de outros espa\u00e7os em Salvador que n\u00e3o s\u00e3o voltados especificamente para o p\u00fablico LGBT.<\/p>\n<p>A casa, que tem capacidade entre 80 e 120 pessoas &#8211; \u00c2\u00a0funcionar\u00e1 \u00e0 \u00a0s sextas e s\u00e1bados das 18h \u00e0 \u00a0s 0h. No final de semana de estreia, grandes nomes do transformismo v\u00e3o se apresentar no local: Walloar, Priscila Dion, Rosana Salvatore, Dion Santyago (foto) e Alehandra Dellavega.<\/p>\n<p>&nbsp;<\/p>\n<p><strong>Servi\u00e7o: <\/strong><br \/>\nSpace Beer<br \/>\nRua Resende Costa n\u00ba 123 em frente ao Feir\u00e3o Center na Vila Ruy Barbosa.<br \/>\nFuncionamento: Sextas e s\u00e1bados das 18h \u00e0 \u00a0s 0h<br \/>\nInforma\u00e7\u00f5es: 71 991331022\/985268394<br \/>\nIngresso: R$ 15 (com direito a duas latas de Skol)<\/p>\n","protected":false},"excerpt":{"rendered":"<p>Para quem reclama que n\u00e3o tem variedade de op\u00e7\u00f5es para curtir a cena LGBT de Salvador pode mudar de discurso. Nesta sexta-feira (21) e s\u00e1bado (22) [&hellip;]<\/p>\n","protected":false},"author":1,"featured_media":4319,"comment_status":"open","ping_status":"open","sticky":false,"template":"","format":"image","meta":{"footnotes":""},"categories":[80,16],"tags":[],"class_list":["post-7540","post","type-post","status-publish","format-image","has-post-thumbnail","hentry","category-home","category-me-jogo","post_format-post-format-image"],"_links":{"self":[{"href":"https:\/\/blogs.correio24horas.com.br\/mesalte\/wp-json\/wp\/v2\/posts\/7540","targetHints":{"allow":["GET"]}}],"collection":[{"href":"https:\/\/blogs.correio24horas.com.br\/mesalte\/wp-json\/wp\/v2\/posts"}],"about":[{"href":"https:\/\/blogs.correio24horas.com.br\/mesalte\/wp-json\/wp\/v2\/types\/post"}],"author":[{"embeddable":true,"href":"https:\/\/blogs.correio24horas.com.br\/mesalte\/wp-json\/wp\/v2\/users\/1"}],"replies":[{"embeddable":true,"href":"https:\/\/blogs.correio24horas.com.br\/mesalte\/wp-json\/wp\/v2\/comments?post=7540"}],"version-history":[{"count":1,"href":"https:\/\/blogs.correio24horas.com.br\/mesalte\/wp-json\/wp\/v2\/posts\/7540\/revisions"}],"predecessor-version":[{"id":7541,"href":"https:\/\/blogs.correio24horas.com.br\/mesalte\/wp-json\/wp\/v2\/posts\/7540\/revisions\/7541"}],"wp:featuredmedia":[{"embeddable":true,"href":"https:\/\/blogs.correio24horas.com.br\/mesalte\/wp-json\/wp\/v2\/media\/4319"}],"wp:attachment":[{"href":"https:\/\/blogs.correio24horas.com.br\/mesalte\/wp-json\/wp\/v2\/media?parent=7540"}],"wp:term":[{"taxonomy":"category","embeddable":true,"href":"https:\/\/blogs.correio24horas.com.br\/mesalte\/wp-json\/wp\/v2\/categories?post=7540"},{"taxonomy":"post_tag","embeddable":true,"href":"https:\/\/blogs.correio24horas.com.br\/mesalte\/wp-json\/wp\/v2\/tags?post=7540"}],"curies":[{"name":"wp","href":"https:\/\/api.w.org\/{rel}","templated":true}]}}